{"id":2260,"date":"2024-11-28T08:33:53","date_gmt":"2024-11-28T08:33:53","guid":{"rendered":"https:\/\/oklp.de\/?p=2260"},"modified":"2026-02-04T10:07:09","modified_gmt":"2026-02-04T10:07:09","slug":"rechtsanwalt-gesellschafts-vertragsrecht","status":"publish","type":"post","link":"https:\/\/oklp.de\/en\/2024\/11\/rechtsanwalt-gesellschafts-vertragsrecht\/","title":{"rendered":"Rechts\u00adan\u00adwalt (m\/w\/d) im Gesell\u00adschafts- und Ver\u00adtrags\u00adrecht gesucht"},"content":{"rendered":"<div id=\"fws_69ef9d40884c0\" data-column-margin=\"default\" data-midnight=\"dark\" class=\"wpb_row vc_row-fluid vc_row full-width-content vc_row-o-equal-height vc_row-flex vc_row-o-content-top\" style=\"padding-top: 0px; padding-bottom: 0px; \"><div class=\"row-bg-wrap\" data-bg-animation=\"none\" data-bg-animation-delay data-bg-overlay=\"false\"><div class=\"inner-wrap row-bg-layer\"><div class=\"row-bg viewport-desktop\" style><\/div><\/div><\/div><div class=\"row_col_wrap_12 col span_12 dark left\">\n\t<div class=\"vc_col-sm-12 wpb_column column_container vc_column_container col no-extra-padding inherit_tablet inherit_phone flex_gap_desktop_10px\" data-padding-pos=\"all\" data-has-bg-color=\"false\" data-bg-color data-bg-opacity=\"1\" data-animation data-delay=\"0\">\n\t\t<div class=\"vc_column-inner\">\n\t\t\t<div class=\"wpb_wrapper\">\n\t\t\t\t<div class=\"img-with-aniamtion-wrap\" data-max-width=\"100%\" data-max-width-mobile=\"default\" data-shadow=\"none\" data-animation=\"fade-in\">\n      <div class=\"inner\">\n        <div class=\"hover-wrap\"> \n          <div class=\"hover-wrap-inner\">\n            <img loading=\"lazy\" decoding=\"async\" class=\"img-with-animation skip-lazy\" data-delay=\"0\" height=\"1500\" width=\"2250\" data-animation=\"fade-in\" src=\"https:\/\/oklp.de\/wp-content\/uploads\/2023\/12\/anders-jilden-N2UXcPBIYI-unsplash-e1728206846297.jpg\" alt>\n          <\/div>\n        <\/div>\n        \n      <\/div>\n    <\/div>\n\t\t\t<\/div> \n\t\t<\/div>\n\t<\/div> \n<\/div><\/div>\n\t\t<div id=\"fws_69ef9d4088b26\" data-column-margin=\"default\" data-midnight=\"dark\" class=\"wpb_row vc_row-fluid vc_row  top_padding_phone_50px\" style=\"padding-top: 100px; padding-bottom: 0px; \"><div class=\"row-bg-wrap\" data-bg-animation=\"none\" data-bg-animation-delay data-bg-overlay=\"false\"><div class=\"inner-wrap row-bg-layer\"><div class=\"row-bg viewport-desktop\" style><\/div><\/div><\/div><div class=\"row_col_wrap_12 col span_12 dark left\">\n\t<div class=\"vc_col-sm-12 wpb_column column_container vc_column_container col no-extra-padding inherit_tablet inherit_phone flex_gap_desktop_10px\" data-padding-pos=\"all\" data-has-bg-color=\"false\" data-bg-color data-bg-opacity=\"1\" data-animation data-delay=\"0\">\n\t\t<div class=\"vc_column-inner\">\n\t\t\t<div class=\"wpb_wrapper\">\n\t\t\t\t<h1 style=\"color: #ff0072;text-align: left\" class=\"vc_custom_heading vc_do_custom_heading\">Bereit f\u00fcr neue&nbsp;Wege?<\/h1>\n\t\t\t<\/div> \n\t\t<\/div>\n\t<\/div> \n<\/div><\/div>\n\t\t<div id=\"fws_69ef9d4088e03\" data-column-margin=\"default\" data-midnight=\"dark\" class=\"wpb_row vc_row-fluid vc_row\" style=\"padding-top: 0px; padding-bottom: 0px; \"><div class=\"row-bg-wrap\" data-bg-animation=\"none\" data-bg-animation-delay data-bg-overlay=\"false\"><div class=\"inner-wrap row-bg-layer\"><div class=\"row-bg viewport-desktop\" style><\/div><\/div><\/div><div class=\"row_col_wrap_12 col span_12 dark left\">\n\t<div style=\" color: #ffffff;\" class=\"vc_col-sm-12 wpb_column column_container vc_column_container col no-extra-padding inherit_tablet inherit_phone flex_gap_desktop_10px\" data-cfc=\"true\" data-padding-pos=\"all\" data-has-bg-color=\"false\" data-bg-color data-bg-opacity=\"1\" data-animation data-delay=\"0\">\n\t\t<div class=\"vc_column-inner\">\n\t\t\t<div class=\"wpb_wrapper\">\n\t\t\t\t\n<div class=\"wpb_text_column wpb_content_element  white-text\">\n\t<p><strong>F\u00fcr den Aus\u00adbau des im Gesell\u00adschafts\u00adrecht und Ver\u00adtrags\u00adrecht t\u00e4ti\u00adgen Teams unse\u00adrer Kanz\u00adlei suchen wir f\u00fcr den Stand\u00adort K\u00f6ln einen Rechts\u00adan\u00adwalt (m\/w\/d) mit T\u00e4tig\u00adkeits\u00adschwer\u00adpunkt im Gesell\u00adschafts\u00adrecht und Vertragsrecht.<\/strong><\/p>\n<p><b>Ihr Pro\u00adfil<\/b><b><\/b><\/p>\n<ul>\n<li>Sie haben Inter\u00ades\u00adse am und Lei\u00adden\u00adschaft f\u00fcr die anwalt\u00adli\u00adche T\u00e4tig\u00adkeit im Gesell\u00adschafts\u00adrecht und wirt\u00adschafts\u00adrecht\u00adli\u00adchen Ver\u00adtrags\u00adrecht<span class=\"Apple-converted-space\">&nbsp;<\/span><\/li>\n<li>Sie sind ein zuver\u00adl\u00e4s\u00adsi\u00adger Team\u00adplay\u00ader und zugleich ein krea\u00adti\u00adver&nbsp;Kopf<\/li>\n<li>Sie m\u00f6ch\u00adten anspruchs\u00advol\u00adle gesell\u00adschafts- und ver\u00adtrags\u00adrecht\u00adli\u00adche Fra\u00adge\u00adstel\u00adlun\u00adgen auch mit stra\u00adte\u00adgi\u00adschem Weit\u00adblick bear\u00adbei\u00adten und beraten<\/li>\n<\/ul>\n<p><b>okl &amp;&nbsp;part\u00adner<span class=\"Apple-converted-space\">&nbsp;<\/span><\/b><b><\/b><\/p>\n<ul>\n<li>Wir ste\u00adhen f\u00fcr hoch\u00adspe\u00adzia\u00adli\u00adsier\u00adte Rechts\u00adbe\u00adra\u00adtung von Unter\u00adneh\u00admen, Vor\u00adha\u00adben\u00adtr\u00e4\u00adgern, Beh\u00f6r\u00adden und Minis\u00adte\u00adri\u00aden<span class=\"Apple-converted-space\">&nbsp;<\/span><\/li>\n<li>Wir f\u00f6r\u00addern die \u00dcber\u00adnah\u00adme eige\u00adner Ver\u00adant\u00adwor\u00adtung in Man\u00adda\u00adten und Ihre Wei\u00adter\u00adent\u00adwick\u00adlung z.B. auch durch Vor\u00adtrags- und Publikationsm\u00f6glichkeiten<\/li>\n<li>Wir bie\u00adten eine attrak\u00adti\u00adve Ver\u00adg\u00fc\u00adtung<span class=\"Apple-converted-space\">&nbsp;<\/span><\/li>\n<li>Wir ver\u00adf\u00fc\u00adgen \u00fcber einen nach kla\u00adren Kri\u00adte\u00adri\u00aden gestal\u00adte\u00adten Ent\u00adwick\u00adlungs\u00adweg<span class=\"Apple-converted-space\">&nbsp;<\/span><\/li>\n<li>Wir sind offen f\u00fcr fle\u00adxi\u00adble Arbeits\u00admo\u00addel\u00adle und Teil\u00adzeit\u00adw\u00fcn\u00adsche und neh\u00admen R\u00fcck\u00adsicht auf die Ver\u00adein\u00adbar\u00adkeit von Beruf und Familie<\/li>\n<\/ul>\n<p><b>Klingt span\u00adnend? Ist es auch! Wir freu\u00aden uns auf Ihre Bewer\u00adbung<\/b><b>:<\/b><\/p>\n<\/div>\n\n\n\n\n\t\t\t<\/div> \n\t\t<\/div>\n\t<\/div> \n<\/div><\/div>\n\t\t<div id=\"fws_69ef9d4089109\" data-column-margin=\"default\" data-midnight=\"dark\" class=\"wpb_row vc_row-fluid vc_row\" style=\"padding-top: 0px; padding-bottom: 0px; \"><div class=\"row-bg-wrap\" data-bg-animation=\"none\" data-bg-animation-delay data-bg-overlay=\"false\"><div class=\"inner-wrap row-bg-layer\"><div class=\"row-bg viewport-desktop\" style><\/div><\/div><\/div><div class=\"row_col_wrap_12 col span_12 dark left\">\n\t<div class=\"vc_col-sm-3 wpb_column column_container vc_column_container col no-extra-padding inherit_tablet inherit_phone flex_gap_desktop_10px\" data-padding-pos=\"all\" data-has-bg-color=\"false\" data-bg-color data-bg-opacity=\"1\" data-animation data-delay=\"0\">\n\t\t<div class=\"vc_column-inner\">\n\t\t\t<div class=\"wpb_wrapper\">\n\t\t\t\t<div class=\"img-with-aniamtion-wrap\" data-max-width=\"100%\" data-max-width-mobile=\"default\" data-border-radius=\"10px\" data-shadow=\"none\" data-animation=\"fade-in\">\n      <div class=\"inner\">\n        <div class=\"hover-wrap\"> \n          <div class=\"hover-wrap-inner\">\n            <img loading=\"lazy\" decoding=\"async\" class=\"img-with-animation skip-lazy\" data-delay=\"0\" height=\"1707\" width=\"2560\" data-animation=\"fade-in\" src=\"https:\/\/oklp.de\/wp-content\/uploads\/2025\/07\/okl_19MaI_20257504666_bearb-scaled.jpg\" alt srcset=\"https:\/\/oklp.de\/wp-content\/uploads\/2025\/07\/okl_19MaI_20257504666_bearb-scaled.jpg 2560w, https:\/\/oklp.de\/wp-content\/uploads\/2025\/07\/okl_19MaI_20257504666_bearb-300x200.jpg 300w, https:\/\/oklp.de\/wp-content\/uploads\/2025\/07\/okl_19MaI_20257504666_bearb-1024x683.jpg 1024w, https:\/\/oklp.de\/wp-content\/uploads\/2025\/07\/okl_19MaI_20257504666_bearb-768x512.jpg 768w, https:\/\/oklp.de\/wp-content\/uploads\/2025\/07\/okl_19MaI_20257504666_bearb-1536x1024.jpg 1536w, https:\/\/oklp.de\/wp-content\/uploads\/2025\/07\/okl_19MaI_20257504666_bearb-2048x1365.jpg 2048w, https:\/\/oklp.de\/wp-content\/uploads\/2025\/07\/okl_19MaI_20257504666_bearb-18x12.jpg 18w, https:\/\/oklp.de\/wp-content\/uploads\/2025\/07\/okl_19MaI_20257504666_bearb-900x600.jpg 900w\" sizes=\"auto, (max-width: 2560px) 100vw, 2560px\">\n          <\/div>\n        <\/div>\n        \n      <\/div>\n    <\/div>\n\t\t\t<\/div> \n\t\t<\/div>\n\t<\/div> \n\n\t<div style=\" color: #ffffff;\" class=\"vc_col-sm-9 wpb_column column_container vc_column_container col no-extra-padding inherit_tablet inherit_phone flex_gap_desktop_10px\" data-cfc=\"true\" data-padding-pos=\"all\" data-has-bg-color=\"false\" data-bg-color data-bg-opacity=\"1\" data-animation data-delay=\"0\">\n\t\t<div class=\"vc_column-inner\">\n\t\t\t<div class=\"wpb_wrapper\">\n\t\t\t\t\n<div class=\"wpb_text_column wpb_content_element\">\n\t<p>Rechts\u00adan\u00adwalt Dr. Alex\u00adan\u00adder de&nbsp;Diego<\/p>\n<p>Alexander.deDiego@oklp.de<br>\nVon-Werth-Stra\u00ad\u00dfe 2 |&nbsp;50670 K\u00f6ln<br>\nTel. +49 (0) 221 | 42 07&nbsp;117<\/p>\n<\/div>\n\n\n\n\n\t\t\t<\/div> \n\t\t<\/div>\n\t<\/div> \n<\/div><\/div>\n\t\t<div id=\"fws_69ef9d40896f1\" data-column-margin=\"default\" data-midnight=\"dark\" class=\"wpb_row vc_row-fluid vc_row\" style=\"padding-top: 0px; padding-bottom: 0px; \"><div class=\"row-bg-wrap\" data-bg-animation=\"none\" data-bg-animation-delay data-bg-overlay=\"false\"><div class=\"inner-wrap row-bg-layer\"><div class=\"row-bg viewport-desktop\" style><\/div><\/div><\/div><div class=\"row_col_wrap_12 col span_12 dark left\">\n\t<div class=\"vc_col-sm-12 wpb_column column_container vc_column_container col centered-text no-extra-padding inherit_tablet inherit_phone flex_gap_desktop_10px\" data-padding-pos=\"all\" data-has-bg-color=\"false\" data-bg-color data-bg-opacity=\"1\" data-animation data-delay=\"0\">\n\t\t<div class=\"vc_column-inner\">\n\t\t\t<div class=\"wpb_wrapper\">\n\t\t\t\t<div class=\"nectar-cta  alignment_tablet_default alignment_phone_default display_tablet_inherit display_phone_inherit\" data-color=\"default\" data-using-bg=\"false\" data-style=\"see-through\" data-display=\"block\" data-alignment=\"center\" data-text-color=\"std\" style=\"--nectar-button-color: var(--nectar-default); --nectar-icon-gap: 10px; \"><h6> <span class=\"text\"> <\/span><span class=\"link_wrap\"><a class=\"link_text\" role=\"button\" href=\"\/category\/karriere-bei-oklp-oexle-kopp-assenmacher-lueck\/\"><span class=\"arrow\"><\/span><\/a><\/span><\/h6><\/div>\n\t\t\t<\/div> \n\t\t<\/div>\n\t<\/div> \n<\/div><\/div>\n\t\t<div id=\"fws_69ef9d4089920\" data-column-margin=\"default\" data-midnight=\"dark\" class=\"wpb_row vc_row-fluid vc_row\" style=\"padding-top: 0px; padding-bottom: 0px; \"><div class=\"row-bg-wrap\" data-bg-animation=\"none\" data-bg-animation-delay data-bg-overlay=\"false\"><div class=\"inner-wrap row-bg-layer\"><div class=\"row-bg viewport-desktop\" style><\/div><\/div><\/div><div class=\"row_col_wrap_12 col span_12 dark left\">\n\t<div class=\"vc_col-sm-12 wpb_column column_container vc_column_container col no-extra-padding inherit_tablet inherit_phone flex_gap_desktop_10px\" data-padding-pos=\"all\" data-has-bg-color=\"false\" data-bg-color data-bg-opacity=\"1\" data-animation data-delay=\"0\">\n\t\t<div class=\"vc_column-inner\">\n\t\t\t<div class=\"wpb_wrapper\">\n\t\t\t\t\n\t\t\t<\/div> \n\t\t<\/div>\n\t<\/div> \n<\/div><\/div>\n\t\t<div id=\"fws_69ef9d4089a56\" data-column-margin=\"default\" data-midnight=\"dark\" class=\"wpb_row vc_row-fluid vc_row\" style=\"padding-top: 0px; padding-bottom: 0px; \"><div class=\"row-bg-wrap\" data-bg-animation=\"none\" data-bg-animation-delay data-bg-overlay=\"false\"><div class=\"inner-wrap row-bg-layer\"><div class=\"row-bg viewport-desktop\" style><\/div><\/div><\/div><div class=\"row_col_wrap_12 col span_12 dark left\">\n\t<div class=\"vc_col-sm-12 wpb_column column_container vc_column_container col no-extra-padding inherit_tablet inherit_phone flex_gap_desktop_10px\" data-padding-pos=\"all\" data-has-bg-color=\"false\" data-bg-color data-bg-opacity=\"1\" data-animation data-delay=\"0\">\n\t\t<div class=\"vc_column-inner\">\n\t\t\t<div class=\"wpb_wrapper\">\n\t\t\t\t\n<div class=\"wpb_text_column wpb_content_element\">\n\t<\/div>\n\n\n\n\n\t\t\t<\/div> \n\t\t<\/div>\n\t<\/div> \n<\/div><\/div>\n\t\t<div id=\"fws_69ef9d4089bfb\" data-column-margin=\"default\" data-midnight=\"dark\" class=\"wpb_row vc_row-fluid vc_row\" style=\"padding-top: 0px; padding-bottom: 0px; \"><div class=\"row-bg-wrap\" data-bg-animation=\"none\" data-bg-animation-delay data-bg-overlay=\"false\"><div class=\"inner-wrap row-bg-layer\"><div class=\"row-bg viewport-desktop\" style><\/div><\/div><\/div><div class=\"row_col_wrap_12 col span_12 dark left\">\n\t<div class=\"vc_col-sm-12 wpb_column column_container vc_column_container col no-extra-padding inherit_tablet inherit_phone flex_gap_desktop_10px\" data-padding-pos=\"all\" data-has-bg-color=\"false\" data-bg-color data-bg-opacity=\"1\" data-animation data-delay=\"0\">\n\t\t<div class=\"vc_column-inner\">\n\t\t\t<div class=\"wpb_wrapper\">\n\t\t\t\t\n<div class=\"wpb_text_column wpb_content_element\">\n\t<\/div>\n\n\n\n\n\t\t\t<\/div> \n\t\t<\/div>\n\t<\/div> \n<\/div><\/div>\n<div id=\"accel-snackbar\" style=\"left: 50%; transform: translate(-50%, 0px); top: 50px;\"><\/div>\n<div id=\"accel-snackbar\" style=\"left: 50%; transform: translate(-50%, 0px); top: 50px;\"><\/div>","protected":false},"excerpt":{"rendered":"Bereit f\u00fcr neue Wege? F\u00fcr den Aus\u00adbau des im Gesell\u00adschafts\u00adrecht und Ver\u00adtrags\u00adrecht t\u00e4ti\u00adgen Teams unse\u00adrer Kanz\u00adlei suchen wir f\u00fcr den Stand\u00adort K\u00f6ln einen Rechts\u00adan\u00adwalt (m\/w\/d) mit T\u00e4tig\u00adkeits\u00adschwer\u00adpunkt im Gesell\u00adschafts\u00adrecht&nbsp;und\u2026","protected":false},"author":1,"featured_media":0,"comment_status":"closed","ping_status":"closed","sticky":false,"template":"","format":"standard","meta":{"wp_typography_post_enhancements_disabled":false,"footnotes":""},"categories":[7],"tags":[],"class_list":{"0":"post-2260","1":"post","2":"type-post","3":"status-publish","4":"format-standard","6":"category-karriere-oklp"},"yoast_head":"<!-- This site is optimized with the Yoast SEO plugin v27.4 - https:\/\/yoast.com\/product\/yoast-seo-wordpress\/ -->\n<title>Rechtsanwalt (m\/w\/d) im Gesellschafts- und Vertragsrecht gesucht - okl &amp; partner Rechtsanw\u00e4lte PartG mbB<\/title>\n<meta name=\"description\" content=\"F\u00fcr den Ausbau des im Gesellschaftsrecht und Vertragsrecht t\u00e4tigen Teams unserer Kanzlei suchen wir f\u00fcr den Standort K\u00f6ln einen Rechtsanwalt (m\/w\/d) mit T\u00e4tigkeitsschwerpunkt im Gesellschaftsrecht und Vertragsrecht\" \/>\n<meta name=\"robots\" content=\"index, follow, max-snippet:-1, max-image-preview:large, max-video-preview:-1\" \/>\n<link rel=\"canonical\" href=\"https:\/\/oklp.de\/en\/2024\/11\/rechtsanwalt-gesellschafts-vertragsrecht\/\" \/>\n<meta property=\"og:locale\" content=\"en_US\" \/>\n<meta property=\"og:type\" content=\"article\" \/>\n<meta property=\"og:title\" content=\"Rechtsanwalt (m\/w\/d) im Gesellschafts- und Vertragsrecht gesucht - okl &amp; partner Rechtsanw\u00e4lte PartG mbB\" \/>\n<meta property=\"og:description\" content=\"F\u00fcr den Ausbau des im Gesellschaftsrecht und Vertragsrecht t\u00e4tigen Teams unserer Kanzlei suchen wir f\u00fcr den Standort K\u00f6ln einen Rechtsanwalt (m\/w\/d) mit T\u00e4tigkeitsschwerpunkt im Gesellschaftsrecht und Vertragsrecht\" \/>\n<meta property=\"og:url\" content=\"https:\/\/oklp.de\/en\/2024\/11\/rechtsanwalt-gesellschafts-vertragsrecht\/\" \/>\n<meta property=\"og:site_name\" content=\"okl &amp; partner Rechtsanw\u00e4lte PartG mbB\" \/>\n<meta property=\"article:published_time\" content=\"2024-11-28T08:33:53+00:00\" \/>\n<meta property=\"article:modified_time\" content=\"2026-02-04T10:07:09+00:00\" \/>\n<meta name=\"author\" content=\"navigator2022\" \/>\n<meta name=\"twitter:card\" content=\"summary_large_image\" \/>\n<meta name=\"twitter:label1\" content=\"Written by\" \/>\n\t<meta name=\"twitter:data1\" content=\"navigator2022\" \/>\n\t<meta name=\"twitter:label2\" content=\"Est. reading time\" \/>\n\t<meta name=\"twitter:data2\" content=\"2 minutes\" \/>\n<script type=\"application\/ld+json\" class=\"yoast-schema-graph\">{\"@context\":\"https:\\\/\\\/schema.org\",\"@graph\":[{\"@type\":\"Article\",\"@id\":\"https:\\\/\\\/oklp.de\\\/2024\\\/11\\\/rechtsanwalt-gesellschafts-vertragsrecht\\\/#article\",\"isPartOf\":{\"@id\":\"https:\\\/\\\/oklp.de\\\/2024\\\/11\\\/rechtsanwalt-gesellschafts-vertragsrecht\\\/\"},\"author\":{\"name\":\"navigator2022\",\"@id\":\"https:\\\/\\\/oklp.de\\\/#\\\/schema\\\/person\\\/d5d0f95ca69ada807fd3ae7fdcfe8e0c\"},\"headline\":\"Rechtsanwalt (m\\\/w\\\/d) im Gesellschafts- und Vertragsrecht gesucht\",\"datePublished\":\"2024-11-28T08:33:53+00:00\",\"dateModified\":\"2026-02-04T10:07:09+00:00\",\"mainEntityOfPage\":{\"@id\":\"https:\\\/\\\/oklp.de\\\/2024\\\/11\\\/rechtsanwalt-gesellschafts-vertragsrecht\\\/\"},\"wordCount\":1895,\"publisher\":{\"@id\":\"https:\\\/\\\/oklp.de\\\/#organization\"},\"articleSection\":[\"KARRIERE\"],\"inLanguage\":\"en-US\"},{\"@type\":\"WebPage\",\"@id\":\"https:\\\/\\\/oklp.de\\\/2024\\\/11\\\/rechtsanwalt-gesellschafts-vertragsrecht\\\/\",\"url\":\"https:\\\/\\\/oklp.de\\\/2024\\\/11\\\/rechtsanwalt-gesellschafts-vertragsrecht\\\/\",\"name\":\"Rechtsanwalt (m\\\/w\\\/d) im Gesellschafts- und Vertragsrecht gesucht - okl &amp; partner Rechtsanw\u00e4lte PartG mbB\",\"isPartOf\":{\"@id\":\"https:\\\/\\\/oklp.de\\\/#website\"},\"datePublished\":\"2024-11-28T08:33:53+00:00\",\"dateModified\":\"2026-02-04T10:07:09+00:00\",\"description\":\"F\u00fcr den Ausbau des im Gesellschaftsrecht und Vertragsrecht t\u00e4tigen Teams unserer Kanzlei suchen wir f\u00fcr den Standort K\u00f6ln einen Rechtsanwalt (m\\\/w\\\/d) mit T\u00e4tigkeitsschwerpunkt im Gesellschaftsrecht und Vertragsrecht\",\"breadcrumb\":{\"@id\":\"https:\\\/\\\/oklp.de\\\/2024\\\/11\\\/rechtsanwalt-gesellschafts-vertragsrecht\\\/#breadcrumb\"},\"inLanguage\":\"en-US\",\"potentialAction\":[{\"@type\":\"ReadAction\",\"target\":[\"https:\\\/\\\/oklp.de\\\/2024\\\/11\\\/rechtsanwalt-gesellschafts-vertragsrecht\\\/\"]}]},{\"@type\":\"BreadcrumbList\",\"@id\":\"https:\\\/\\\/oklp.de\\\/2024\\\/11\\\/rechtsanwalt-gesellschafts-vertragsrecht\\\/#breadcrumb\",\"itemListElement\":[{\"@type\":\"ListItem\",\"position\":1,\"name\":\"Home\",\"item\":\"https:\\\/\\\/oklp.de\\\/\"},{\"@type\":\"ListItem\",\"position\":2,\"name\":\"Rechtsanwalt (m\\\/w\\\/d) im Gesellschafts- und Vertragsrecht gesucht\"}]},{\"@type\":\"WebSite\",\"@id\":\"https:\\\/\\\/oklp.de\\\/#website\",\"url\":\"https:\\\/\\\/oklp.de\\\/\",\"name\":\"okl &amp; partner Rechtsanw\u00e4lte PartG mbB\",\"description\":\"\",\"publisher\":{\"@id\":\"https:\\\/\\\/oklp.de\\\/#organization\"},\"potentialAction\":[{\"@type\":\"SearchAction\",\"target\":{\"@type\":\"EntryPoint\",\"urlTemplate\":\"https:\\\/\\\/oklp.de\\\/?s={search_term_string}\"},\"query-input\":{\"@type\":\"PropertyValueSpecification\",\"valueRequired\":true,\"valueName\":\"search_term_string\"}}],\"inLanguage\":\"en-US\"},{\"@type\":\"Organization\",\"@id\":\"https:\\\/\\\/oklp.de\\\/#organization\",\"name\":\"okl & partner Rechtsanw\u00e4lte PartG mbB\",\"url\":\"https:\\\/\\\/oklp.de\\\/\",\"logo\":{\"@type\":\"ImageObject\",\"inLanguage\":\"en-US\",\"@id\":\"https:\\\/\\\/oklp.de\\\/#\\\/schema\\\/logo\\\/image\\\/\",\"url\":\"https:\\\/\\\/oklp.de\\\/wp-content\\\/uploads\\\/2021\\\/12\\\/Prima\u0308r_OKLP_Logo_CMYK-1.png\",\"contentUrl\":\"https:\\\/\\\/oklp.de\\\/wp-content\\\/uploads\\\/2021\\\/12\\\/Prima\u0308r_OKLP_Logo_CMYK-1.png\",\"width\":904,\"height\":286,\"caption\":\"okl & partner Rechtsanw\u00e4lte PartG mbB\"},\"image\":{\"@id\":\"https:\\\/\\\/oklp.de\\\/#\\\/schema\\\/logo\\\/image\\\/\"}},{\"@type\":\"Person\",\"@id\":\"https:\\\/\\\/oklp.de\\\/#\\\/schema\\\/person\\\/d5d0f95ca69ada807fd3ae7fdcfe8e0c\",\"name\":\"navigator2022\",\"sameAs\":[\"https:\\\/\\\/oklp.de\"],\"url\":\"https:\\\/\\\/oklp.de\\\/en\\\/author\\\/navigator2022\\\/\"}]}<\/script>\n<!-- \/ Yoast SEO plugin. -->","yoast_head_json":{"title":"Rechts\u00adan\u00adwalt (m\/w\/d) im Gesell\u00adschafts- und Ver\u00adtrags\u00adrecht gesucht \u2013 okl &amp;&nbsp;part\u00adner Rechts\u00adan\u00adw\u00e4l\u00adte PartG&nbsp;mbB","description":"F\u00fcr den Aus\u00adbau des im Gesell\u00adschafts\u00adrecht und Ver\u00adtrags\u00adrecht t\u00e4ti\u00adgen Teams unse\u00adrer Kanz\u00adlei suchen wir f\u00fcr den Stand\u00adort K\u00f6ln einen Rechts\u00adan\u00adwalt (m\/w\/d) mit T\u00e4tig\u00adkeits\u00adschwer\u00adpunkt im Gesell\u00adschafts\u00adrecht und Vertragsrecht","robots":{"index":"index","follow":"follow","max-snippet":"max-snippet:-1","max-image-preview":"max-image-preview:large","max-video-preview":"max-video-preview:-1"},"canonical":"https:\/\/oklp.de\/en\/2024\/11\/rechtsanwalt-gesellschafts-vertragsrecht\/","og_locale":"en_US","og_type":"article","og_title":"Rechtsanwalt (m\/w\/d) im Gesellschafts- und Vertragsrecht gesucht - okl &amp; partner Rechtsanw\u00e4lte PartG mbB","og_description":"F\u00fcr den Ausbau des im Gesellschaftsrecht und Vertragsrecht t\u00e4tigen Teams unserer Kanzlei suchen wir f\u00fcr den Standort K\u00f6ln einen Rechtsanwalt (m\/w\/d) mit T\u00e4tigkeitsschwerpunkt im Gesellschaftsrecht und Vertragsrecht","og_url":"https:\/\/oklp.de\/en\/2024\/11\/rechtsanwalt-gesellschafts-vertragsrecht\/","og_site_name":"okl &amp; partner Rechtsanw\u00e4lte PartG mbB","article_published_time":"2024-11-28T08:33:53+00:00","article_modified_time":"2026-02-04T10:07:09+00:00","author":"navigator2022","twitter_card":"summary_large_image","twitter_misc":{"Written by":"navigator2022","Est. reading time":"2 minutes"},"schema":{"@context":"https:\/\/schema.org","@graph":[{"@type":"Article","@id":"https:\/\/oklp.de\/2024\/11\/rechtsanwalt-gesellschafts-vertragsrecht\/#article","isPartOf":{"@id":"https:\/\/oklp.de\/2024\/11\/rechtsanwalt-gesellschafts-vertragsrecht\/"},"author":{"name":"navigator2022","@id":"https:\/\/oklp.de\/#\/schema\/person\/d5d0f95ca69ada807fd3ae7fdcfe8e0c"},"headline":"Rechtsanwalt (m\/w\/d) im Gesellschafts- und Vertragsrecht gesucht","datePublished":"2024-11-28T08:33:53+00:00","dateModified":"2026-02-04T10:07:09+00:00","mainEntityOfPage":{"@id":"https:\/\/oklp.de\/2024\/11\/rechtsanwalt-gesellschafts-vertragsrecht\/"},"wordCount":1895,"publisher":{"@id":"https:\/\/oklp.de\/#organization"},"articleSection":["KARRIERE"],"inLanguage":"en-US"},{"@type":"WebPage","@id":"https:\/\/oklp.de\/2024\/11\/rechtsanwalt-gesellschafts-vertragsrecht\/","url":"https:\/\/oklp.de\/2024\/11\/rechtsanwalt-gesellschafts-vertragsrecht\/","name":"Rechts\u00adan\u00adwalt (m\/w\/d) im Gesell\u00adschafts- und Ver\u00adtrags\u00adrecht gesucht \u2013 okl &amp;&nbsp;part\u00adner Rechts\u00adan\u00adw\u00e4l\u00adte PartG&nbsp;mbB","isPartOf":{"@id":"https:\/\/oklp.de\/#website"},"datePublished":"2024-11-28T08:33:53+00:00","dateModified":"2026-02-04T10:07:09+00:00","description":"F\u00fcr den Aus\u00adbau des im Gesell\u00adschafts\u00adrecht und Ver\u00adtrags\u00adrecht t\u00e4ti\u00adgen Teams unse\u00adrer Kanz\u00adlei suchen wir f\u00fcr den Stand\u00adort K\u00f6ln einen Rechts\u00adan\u00adwalt (m\/w\/d) mit T\u00e4tig\u00adkeits\u00adschwer\u00adpunkt im Gesell\u00adschafts\u00adrecht und Vertragsrecht","breadcrumb":{"@id":"https:\/\/oklp.de\/2024\/11\/rechtsanwalt-gesellschafts-vertragsrecht\/#breadcrumb"},"inLanguage":"en-US","potentialAction":[{"@type":"ReadAction","target":["https:\/\/oklp.de\/2024\/11\/rechtsanwalt-gesellschafts-vertragsrecht\/"]}]},{"@type":"BreadcrumbList","@id":"https:\/\/oklp.de\/2024\/11\/rechtsanwalt-gesellschafts-vertragsrecht\/#breadcrumb","itemListElement":[{"@type":"ListItem","position":1,"name":"Home","item":"https:\/\/oklp.de\/"},{"@type":"ListItem","position":2,"name":"Rechtsanwalt (m\/w\/d) im Gesellschafts- und Vertragsrecht gesucht"}]},{"@type":"WebSite","@id":"https:\/\/oklp.de\/#website","url":"https:\/\/oklp.de\/","name":"okl &amp;&nbsp;part\u00adner Rechts\u00adan\u00adw\u00e4l\u00adte PartG&nbsp;mbB","description":"","publisher":{"@id":"https:\/\/oklp.de\/#organization"},"potentialAction":[{"@type":"SearchAction","target":{"@type":"EntryPoint","urlTemplate":"https:\/\/oklp.de\/?s={search_term_string}"},"query-input":{"@type":"PropertyValueSpecification","valueRequired":true,"valueName":"search_term_string"}}],"inLanguage":"en-US"},{"@type":"Organization","@id":"https:\/\/oklp.de\/#organization","name":"okl &amp;&nbsp;part\u00adner Rechts\u00adan\u00adw\u00e4l\u00adte PartG&nbsp;mbB","url":"https:\/\/oklp.de\/","logo":{"@type":"ImageObject","inLanguage":"en-US","@id":"https:\/\/oklp.de\/#\/schema\/logo\/image\/","url":"https:\/\/oklp.de\/wp-content\/uploads\/2021\/12\/Prima\u0308r_OKLP_Logo_CMYK-1.png","contentUrl":"https:\/\/oklp.de\/wp-content\/uploads\/2021\/12\/Prima\u0308r_OKLP_Logo_CMYK-1.png","width":904,"height":286,"caption":"okl & partner Rechtsanw\u00e4lte PartG mbB"},"image":{"@id":"https:\/\/oklp.de\/#\/schema\/logo\/image\/"}},{"@type":"Person","@id":"https:\/\/oklp.de\/#\/schema\/person\/d5d0f95ca69ada807fd3ae7fdcfe8e0c","name":"navigator2022","sameAs":["https:\/\/oklp.de"],"url":"https:\/\/oklp.de\/en\/author\/navigator2022\/"}]}},"_links":{"self":[{"href":"https:\/\/oklp.de\/en\/wp-json\/wp\/v2\/posts\/2260","targetHints":{"allow":["GET"]}}],"collection":[{"href":"https:\/\/oklp.de\/en\/wp-json\/wp\/v2\/posts"}],"about":[{"href":"https:\/\/oklp.de\/en\/wp-json\/wp\/v2\/types\/post"}],"author":[{"embeddable":true,"href":"https:\/\/oklp.de\/en\/wp-json\/wp\/v2\/users\/1"}],"replies":[{"embeddable":true,"href":"https:\/\/oklp.de\/en\/wp-json\/wp\/v2\/comments?post=2260"}],"version-history":[{"count":13,"href":"https:\/\/oklp.de\/en\/wp-json\/wp\/v2\/posts\/2260\/revisions"}],"predecessor-version":[{"id":2626,"href":"https:\/\/oklp.de\/en\/wp-json\/wp\/v2\/posts\/2260\/revisions\/2626"}],"wp:attachment":[{"href":"https:\/\/oklp.de\/en\/wp-json\/wp\/v2\/media?parent=2260"}],"wp:term":[{"taxonomy":"category","embeddable":true,"href":"https:\/\/oklp.de\/en\/wp-json\/wp\/v2\/categories?post=2260"},{"taxonomy":"post_tag","embeddable":true,"href":"https:\/\/oklp.de\/en\/wp-json\/wp\/v2\/tags?post=2260"}],"curies":[{"name":"wp","href":"https:\/\/api.w.org\/{rel}","templated":true}]}}