{"id":2302,"date":"2024-11-27T19:33:56","date_gmt":"2024-11-27T19:33:56","guid":{"rendered":"https:\/\/oklp.de\/?p=2302"},"modified":"2024-11-27T19:33:56","modified_gmt":"2024-11-27T19:33:56","slug":"eu-verpackungsverordnung-entwurf-nimmt-die-naechste-huerde","status":"publish","type":"post","link":"https:\/\/oklp.de\/en\/2024\/11\/eu-verpackungsverordnung-entwurf-nimmt-die-naechste-huerde\/","title":{"rendered":"EU-Ver\u00adpa\u00adckungs\u00adver\u00adord\u00adnung: Ent\u00adwurf nimmt die n\u00e4chs\u00adte&nbsp;H\u00fcrde"},"content":{"rendered":"<div id=\"fws_69f538030c65b\" data-column-margin=\"default\" data-midnight=\"dark\" class=\"wpb_row vc_row-fluid vc_row full-width-section\" style=\"padding-top: 0px; padding-bottom: 0px; \"><div class=\"row-bg-wrap\" data-bg-animation=\"none\" data-bg-animation-delay data-bg-overlay=\"false\"><div class=\"inner-wrap row-bg-layer\"><div class=\"row-bg viewport-desktop\" style><\/div><\/div><\/div><div class=\"row_col_wrap_12 col span_12 dark left\">\n\t<div style=\" color: #000000;\" class=\"vc_col-sm-12 wpb_column column_container vc_column_container col no-extra-padding inherit_tablet inherit_phone\" data-cfc=\"true\" data-padding-pos=\"bottom\" data-has-bg-color=\"false\" data-bg-color data-bg-opacity=\"1\" data-animation data-delay=\"0\">\n\t\t<div class=\"vc_column-inner\">\n\t\t\t<div class=\"wpb_wrapper\">\n\t\t\t\t<div id=\"fws_69f538030c849\" data-midnight data-column-margin=\"default\" class=\"wpb_row vc_row-fluid vc_row inner_row\" style><div class=\"row-bg-wrap\"> <div class=\"row-bg\"><\/div> <\/div><div class=\"row_col_wrap_12_inner col span_12  left\">\n\t<div class=\"vc_col-sm-12 wpb_column column_container vc_column_container col child_column no-extra-padding inherit_tablet inherit_phone\" data-padding-pos=\"all\" data-has-bg-color=\"false\" data-bg-color data-bg-opacity=\"1\" data-animation data-delay=\"0\">\n\t\t<div class=\"vc_column-inner\">\n\t\t<div class=\"wpb_wrapper\">\n\t\t\t<h1 style=\"font-size: 54px;color: #ff0072;text-align: left\" class=\"vc_custom_heading vc_do_custom_heading\">Man\u00addan\u00adten\u00adin\u00adfor\u00adma\u00adti\u00adon 17\/2024<\/h1>\n\t\t<\/div> \n\t<\/div>\n\t<\/div> \n<\/div><\/div>\n\t\t\t<\/div> \n\t\t<\/div>\n\t<\/div> \n<\/div><\/div>\n\t\t<div id=\"fws_69f538030caf2\" data-column-margin=\"default\" data-midnight=\"dark\" class=\"wpb_row vc_row-fluid vc_row full-width-section\" style=\"padding-top: 0px; padding-bottom: 0px; \"><div class=\"row-bg-wrap\" data-bg-animation=\"none\" data-bg-animation-delay data-bg-overlay=\"false\"><div class=\"inner-wrap row-bg-layer\"><div class=\"row-bg viewport-desktop\" style><\/div><\/div><\/div><div class=\"row_col_wrap_12 col span_12 dark left\">\n\t<div style=\" color: #000000;\" class=\"vc_col-sm-12 wpb_column column_container vc_column_container col no-extra-padding inherit_tablet inherit_phone\" data-cfc=\"true\" data-padding-pos=\"bottom\" data-has-bg-color=\"false\" data-bg-color data-bg-opacity=\"1\" data-animation data-delay=\"0\">\n\t\t<div class=\"vc_column-inner\">\n\t\t\t<div class=\"wpb_wrapper\">\n\t\t\t\t<div id=\"fws_69f538030cbbd\" data-midnight data-column-margin=\"default\" class=\"wpb_row vc_row-fluid vc_row inner_row\" style=\"padding-top: 20px; padding-bottom: 20px; \"><div class=\"row-bg-wrap\"> <div class=\"row-bg\"><\/div> <\/div><div class=\"row_col_wrap_12_inner col span_12  left\">\n\t<div class=\"vc_col-sm-12 wpb_column column_container vc_column_container col child_column no-extra-padding inherit_tablet inherit_phone\" data-padding-pos=\"all\" data-has-bg-color=\"false\" data-bg-color data-bg-opacity=\"1\" data-animation data-delay=\"0\">\n\t\t<div class=\"vc_column-inner\">\n\t\t<div class=\"wpb_wrapper\">\n\t\t\t\n\t\t<\/div> \n\t<\/div>\n\t<\/div> \n<\/div><\/div>\n\t\t\t<\/div> \n\t\t<\/div>\n\t<\/div> \n<\/div><\/div>\n\t\t<div id=\"fws_69f538030cca5\" data-column-margin=\"default\" data-midnight=\"dark\" class=\"wpb_row vc_row-fluid vc_row full-width-section\" style=\"padding-top: 0px; padding-bottom: 0px; \"><div class=\"row-bg-wrap\" data-bg-animation=\"none\" data-bg-animation-delay data-bg-overlay=\"false\"><div class=\"inner-wrap row-bg-layer\"><div class=\"row-bg viewport-desktop\" style><\/div><\/div><\/div><div class=\"row_col_wrap_12 col span_12 dark left\">\n\t<div style=\" color: #000000;\" class=\"vc_col-sm-12 wpb_column column_container vc_column_container col no-extra-padding inherit_tablet inherit_phone\" data-cfc=\"true\" data-padding-pos=\"bottom\" data-has-bg-color=\"false\" data-bg-color data-bg-opacity=\"1\" data-animation data-delay=\"0\">\n\t\t<div class=\"vc_column-inner\">\n\t\t\t<div class=\"wpb_wrapper\">\n\t\t\t\t\n<div class=\"wpb_text_column wpb_content_element\">\n\t<p><span style=\"color: #ff0072;\"> Das Euro\u00adp\u00e4i\u00adsche Par\u00adla\u00adment hat der EU-Ver\u00adpa\u00adckungs\u00adver\u00adord\u00adnung (Pack\u00ada\u00adging and Pack\u00ada\u00adging Was\u00adte Regu\u00adla\u00adti\u00adon \u2013 PPWR) am 27.11.2024 final zuge\u00adstimmt. Mit einer zeit\u00adna\u00adhen Bil\u00adli\u00adgung durch den Rat ist zu rech\u00adnen. Die Gestal\u00adtung vie\u00adler f\u00fcr die Indus\u00adtrie rele\u00advan\u00adter Details beginnt aller\u00addings erst danach.<br>\n<\/span><\/p>\n<\/div>\n\n\n\n<div id=\"fws_69f538030ce1f\" data-midnight data-column-margin=\"default\" class=\"wpb_row vc_row-fluid vc_row inner_row\" style=\"padding-top: 5px; padding-bottom: 5px; \"><div class=\"row-bg-wrap\"> <div class=\"row-bg\"><\/div> <\/div><div class=\"row_col_wrap_12_inner col span_12  left\">\n\t<div class=\"vc_col-sm-12 wpb_column column_container vc_column_container col child_column no-extra-padding inherit_tablet inherit_phone\" data-padding-pos=\"all\" data-has-bg-color=\"false\" data-bg-color data-bg-opacity=\"1\" data-animation data-delay=\"0\">\n\t\t<div class=\"vc_column-inner\">\n\t\t<div class=\"wpb_wrapper\">\n\t\t\t\n<div class=\"wpb_text_column wpb_content_element\">\n\t<p>Der Abschluss des Rechts\u00adset\u00adzungs\u00adver\u00adfah\u00adrens r\u00fcckt in greif\u00adba\u00adre N\u00e4he: Das Euro\u00adp\u00e4i\u00adsche Par\u00adla\u00adment hat dem <a href=\"https:\/\/www.europarl.europa.eu\/sedcms\/documents\/PRIORITY_INFO\/1439\/288\/2022_0396(COR01)_DE.docx\">Ent\u00adwurf der neu\u00aden EU-Ver\u00adpa\u00adckungs\u00adver\u00adord\u00adnung<\/a> final zuge\u00adstimmt. Ein vor\u00adl\u00e4u\u00adfi\u00adger Kom\u00adpro\u00admiss zwi\u00adschen den Rechts\u00adset\u00adzungs\u00ador\u00adga\u00adnen war zwar bereits im M\u00e4rz 2024 getrof\u00adfen wor\u00adden, dem das Par\u00adla\u00adment am 24.04.2024 auch zustimm\u00adte. Aller\u00addings: Mit Blick auf die Euro\u00adpa\u00adwahl im Juni war f\u00fcr die Abstim\u00admung in der K\u00fcr\u00adze der Zeit nur die eng\u00adli\u00adsche Sprach\u00adfas\u00adsung ver\u00adf\u00fcg\u00adbar, die zudem auch noch nicht end\u00adre\u00addi\u00adgiert war. Im Tri\u00adlo\u00adg\u00ader\u00adgeb\u00adnis wur\u00adden am Ende noch vie\u00adle neue Punk\u00adte mit teils juris\u00adtisch unein\u00addeu\u00adti\u00adgen For\u00admu\u00adlie\u00adrun\u00adgen ver\u00adhan\u00addelt, was den wei\u00adte\u00adren Ver\u00adlauf des Rechts\u00adset\u00adzungs\u00adver\u00adfah\u00adrens ver\u00adz\u00f6\u00adger\u00adte. Nach\u00addem nun aber eine fina\u00adle Fas\u00adsung vor\u00adliegt, konn\u00adte am 25.11.2024 der ENVI-Aus\u00adschuss des Euro\u00adp\u00e4i\u00adschen Par\u00adla\u00adments tagen, der Text im Ple\u00adnum am 26.11.2024 bekannt\u00adge\u00adge\u00adben und am 27.11.2024 im Wege der Nicht\u00adbe\u00adan\u00adtra\u00adgung einer Abstim\u00admung (sog. Cor\u00adri\u00adgen\u00addum-Ver\u00adfah\u00adren) ange\u00adnom\u00admen werden.<\/p>\n<p>Der Rat wird nun vor\u00adaus\u00adsicht\u00adlich schnell ent\u00adschei\u00adden, wie aus dem Inne\u00adren des Br\u00fcs\u00adse\u00adler Rechts\u00adset\u00adzungs\u00adver\u00adfah\u00adrens zu erfah\u00adren ist. Eine Ent\u00adschei\u00addung noch in die\u00adsem Jahr ist m\u00f6glich.<\/p>\n<p>Der Abschluss des Rechts\u00adset\u00adzungs\u00adver\u00adfah\u00adrens ist aller\u00addings erst der Anfang der Reform des Ver\u00adpa\u00adckungs\u00adrechts. Denn mit Gel\u00adtung der neu\u00aden EU-Ver\u00adpa\u00adckungs\u00adVO 18 Mona\u00adte nach ihrem Inkraft\u00adtre\u00adten ist hin\u00adsicht\u00adlich vie\u00adler Bestim\u00admun\u00adgen nur ein Rah\u00admen gezo\u00adgen. Vie\u00adle f\u00fcr die Ver\u00adpa\u00adckungs\u00adin\u00addus\u00adtrie ent\u00adschei\u00adden\u00adde Vor\u00adga\u00adben wer\u00adden erst durch dele\u00adgier\u00adte bzw. durch Durch\u00adf\u00fch\u00adrungs\u00adrechts\u00adak\u00adte der EU-Kom\u00admis\u00adsi\u00adon kon\u00adkre\u00adti\u00adsiert. Auch auf n\u00e4he\u00adre Umset\u00adzung ange\u00adlegt (obwohl das neue EU-Recht eine Ver\u00adord\u00adnung und eben kei\u00adne Richt\u00adli\u00adnie mehr ist) sind eine Rei\u00adhe von Ziel\u00advor\u00adga\u00adben und Wahl\u00adm\u00f6g\u00adlich\u00adkei\u00adten, die die Mit\u00adglied\u00adstaa\u00adten in das natio\u00adna\u00adle Recht zu imple\u00admen\u00adtie\u00adren&nbsp;haben.<\/p>\n<p>Ob die EU-Ver\u00adpa\u00adckungs\u00adver\u00adord\u00adnung erfolg\u00adreich sein und als Ele\u00adment des Green Deal ihren Bei\u00adtrag zum Ziel des Net Zero und zum Schutz von Umwelt und mensch\u00adli\u00adcher Gesund\u00adheit leis\u00adten wird, wird also erst nach Abschluss des Rechts\u00adset\u00adzungs\u00adver\u00adfah\u00adren ent\u00adschie\u00adden. Etwa: Wird es gen\u00fc\u00adgend Rezy\u00adk\u00adla\u00adte geben, um die Min\u00addest\u00adre\u00adzy\u00adklat\u00adan\u00adtei\u00adle in Ver\u00adpa\u00adckun\u00adgen zu erf\u00fcl\u00adlen? Wie muss eine Ver\u00adpa\u00adckung gestal\u00adtet sein, damit sie die Anfor\u00adde\u00adrun\u00adgen an eine recy\u00adcling\u00adori\u00aden\u00adtier\u00adte Gestal\u00adtung (Design for Recycling\/DfR) erf\u00fcllt? Wel\u00adche Ver\u00adsch\u00e4r\u00adfun\u00adgen oder Erleich\u00adte\u00adrun\u00adgen gibt ein Mit\u00adglied\u00adstaat im Bereich der Wie\u00adder\u00adver\u00adwen\u00addungs\u00adzie\u00adle hin\u00adsicht\u00adlich Trans\u00adport- oder Ver\u00adkaufs\u00adver\u00adpa\u00adckun\u00adgen wie Palet\u00adten&nbsp;vor?<\/p>\n<p>Die betei\u00adlig\u00adten Krei\u00adse wer\u00adden die\u00adse Ent\u00adwick\u00adlun\u00adgen wei\u00adter beob\u00adach\u00adten und beglei\u00adten m\u00fcs\u00adsen. Nach dem Rechts\u00adakt ist vor dem Rechtsakt.<\/p>\n<\/div>\n\n\n\n\n\t\t<\/div> \n\t<\/div>\n\t<\/div> \n<\/div><\/div>\n\t\t\t<\/div> \n\t\t<\/div>\n\t<\/div> \n<\/div><\/div>\n\t\t<div id=\"fws_69f538030cf98\" data-column-margin=\"default\" data-midnight=\"dark\" class=\"wpb_row vc_row-fluid vc_row full-width-section\" style=\"padding-top: 30px; padding-bottom: 0px; \"><div class=\"row-bg-wrap\" data-bg-animation=\"none\" data-bg-animation-delay data-bg-overlay=\"false\"><div class=\"inner-wrap row-bg-layer\"><div class=\"row-bg viewport-desktop\" style><\/div><\/div><\/div><div class=\"row_col_wrap_12 col span_12 dark left\">\n\t<div style=\" color: #000000;\" class=\"vc_col-sm-12 wpb_column column_container vc_column_container col no-extra-padding inherit_tablet inherit_phone\" data-cfc=\"true\" data-padding-pos=\"bottom\" data-has-bg-color=\"false\" data-bg-color data-bg-opacity=\"1\" data-animation data-delay=\"0\">\n\t\t<div class=\"vc_column-inner\">\n\t\t\t<div class=\"wpb_wrapper\">\n\t\t\t\t<div id=\"fws_69f538030d077\" data-midnight data-column-margin=\"default\" class=\"wpb_row vc_row-fluid vc_row inner_row\" style><div class=\"row-bg-wrap\"> <div class=\"row-bg\"><\/div> <\/div><div class=\"row_col_wrap_12_inner col span_12  left\">\n\t<div class=\"vc_col-sm-12 wpb_column column_container vc_column_container col child_column no-extra-padding inherit_tablet inherit_phone\" data-padding-pos=\"all\" data-has-bg-color=\"false\" data-bg-color data-bg-opacity=\"1\" data-animation data-delay=\"0\">\n\t\t<div class=\"vc_column-inner\">\n\t\t<div class=\"wpb_wrapper\">\n\t\t\t\n<div class=\"wpb_text_column wpb_content_element\">\n\t<p><span style=\"color: #000000;\">okl &amp;&nbsp;partner<br>\nRechts\u00adan\u00adw\u00e4l\u00adte PartG&nbsp;mbB<br>\n<\/span><\/p>\n<\/div>\n\n\n\n\n\t\t<\/div> \n\t<\/div>\n\t<\/div> \n<\/div><\/div><div id=\"fws_69f538030d173\" data-midnight data-column-margin=\"default\" class=\"wpb_row vc_row-fluid vc_row inner_row\" style><div class=\"row-bg-wrap\"> <div class=\"row-bg\"><\/div> <\/div><div class=\"row_col_wrap_12_inner col span_12  left\">\n\t<div class=\"vc_col-sm-6 wpb_column column_container vc_column_container col child_column no-extra-padding inherit_tablet inherit_phone\" data-padding-pos=\"all\" data-has-bg-color=\"false\" data-bg-color data-bg-opacity=\"1\" data-animation data-delay=\"0\">\n\t\t<div class=\"vc_column-inner\">\n\t\t<div class=\"wpb_wrapper\">\n\t\t\t\n<div class=\"wpb_text_column wpb_content_element\">\n\t<p><span style=\"color: #000000;\">B\u00fcro K\u00f6ln<br>\nVon-Werth-Stra\u00ad\u00dfe 2 | 50670&nbsp;K\u00f6ln<br>\nT: +49 (0) 221 | 42 07&nbsp;280<br>\nkoeln@oklp.de<br>\n<\/span><\/p>\n<\/div>\n\n\n\n\n\t\t<\/div> \n\t<\/div>\n\t<\/div> \n\n\t<div class=\"vc_col-sm-6 wpb_column column_container vc_column_container col child_column no-extra-padding inherit_tablet inherit_phone\" data-padding-pos=\"all\" data-has-bg-color=\"false\" data-bg-color data-bg-opacity=\"1\" data-animation data-delay=\"0\">\n\t\t<div class=\"vc_column-inner\">\n\t\t<div class=\"wpb_wrapper\">\n\t\t\t\n<div class=\"wpb_text_column wpb_content_element\">\n\t<p><span style=\"color: #000000;\">B\u00fcro Ber\u00adlin<br>\nJ\u00e4ger\u00adstra\u00ad\u00dfe 54\u200a\u2013\u200a55 | 10117 Berlin<br>\nT: +49 (0) 30 | 800 98&nbsp;2553<br>\nberlin@oklp.de<br>\n<\/span><\/p>\n<\/div>\n\n\n\n\n\t\t<\/div> \n\t<\/div>\n\t<\/div> \n<\/div><\/div>\n\t\t\t<\/div> \n\t\t<\/div>\n\t<\/div> \n<\/div><\/div>\n\t\t<div id=\"fws_69f538030d35c\" data-column-margin=\"default\" data-midnight=\"dark\" class=\"wpb_row vc_row-fluid vc_row\" style=\"padding-top: 35px; padding-bottom: 10px; \"><div class=\"row-bg-wrap\" data-bg-animation=\"none\" data-bg-animation-delay data-bg-overlay=\"false\"><div class=\"inner-wrap row-bg-layer\"><div class=\"row-bg viewport-desktop\" style><\/div><\/div><\/div><div class=\"row_col_wrap_12 col span_12 dark left\">\n\t<div class=\"vc_col-sm-6 wpb_column column_container vc_column_container col no-extra-padding inherit_tablet inherit_phone\" data-padding-pos=\"all\" data-has-bg-color=\"false\" data-bg-color data-bg-opacity=\"1\" data-animation data-delay=\"0\">\n\t\t<div class=\"vc_column-inner\">\n\t\t\t<div class=\"wpb_wrapper\">\n\t\t\t\t<a class=\"nectar-button small regular accent-color  regular-button\" role=\"button\" style href=\"https:\/\/oklp.de\/wp-content\/uploads\/2024\/11\/Mandanteninformation_17_24.pdf\" data-color-override=\"false\" data-hover-color-override=\"false\" data-hover-text-color-override=\"#fff\"><span>PDF-Down\u00adload<\/span><\/a>\n\t\t\t<\/div> \n\t\t<\/div>\n\t<\/div> \n\n\t<div class=\"vc_col-sm-6 wpb_column column_container vc_column_container col no-extra-padding inherit_tablet inherit_phone\" data-padding-pos=\"all\" data-has-bg-color=\"false\" data-bg-color data-bg-opacity=\"1\" data-animation data-delay=\"0\">\n\t\t<div class=\"vc_column-inner\">\n\t\t\t<div class=\"wpb_wrapper\">\n\t\t\t\t\n\t\t\t<\/div> \n\t\t<\/div>\n\t<\/div> \n<\/div><\/div>\n\t\t<div id=\"fws_69f538030d543\" data-column-margin=\"default\" data-midnight=\"dark\" class=\"wpb_row vc_row-fluid vc_row\" style=\"padding-top: 0px; padding-bottom: 0px; \"><div class=\"row-bg-wrap\" data-bg-animation=\"none\" data-bg-animation-delay data-bg-overlay=\"false\"><div class=\"inner-wrap row-bg-layer\"><div class=\"row-bg viewport-desktop\" style><\/div><\/div><\/div><div class=\"row_col_wrap_12 col span_12 dark left\">\n\t<div class=\"vc_col-sm-12 wpb_column column_container vc_column_container col centered-text no-extra-padding inherit_tablet inherit_phone\" data-padding-pos=\"all\" data-has-bg-color=\"false\" data-bg-color data-bg-opacity=\"1\" data-animation data-delay=\"0\">\n\t\t<div class=\"vc_column-inner\">\n\t\t\t<div class=\"wpb_wrapper\">\n\t\t\t\t<div class=\"nectar-cta  alignment_tablet_default alignment_phone_default display_tablet_inherit display_phone_inherit\" data-color=\"default\" data-using-bg=\"false\" data-style=\"see-through\" data-display=\"block\" data-alignment=\"center\" data-text-color=\"std\" style=\"--nectar-button-color: var(--nectar-default); --nectar-icon-gap: 10px; \"><h6> <span class=\"text\"> <\/span><span class=\"link_wrap\"><a class=\"link_text\" role=\"button\" href=\"\/category\/news\/\"><span class=\"arrow\"><\/span><\/a><\/span><\/h6><\/div>\n\t\t\t<\/div> \n\t\t<\/div>\n\t<\/div> \n<\/div><\/div>","protected":false},"excerpt":{"rendered":"Man\u00addan\u00adten\u00adin\u00adfor\u00adma\u00adti\u00adon 17\/2024 Das Euro\u00adp\u00e4i\u00adsche Par\u00adla\u00adment hat der EU-Ver\u00adpa\u00adckungs\u00adver\u00adord\u00adnung (Pack\u00ada\u00adging and Pack\u00ada\u00adging Was\u00adte Regu\u00adla\u00adti\u00adon \u2013 PPWR) am 27.11.2024 final zuge\u00adstimmt. Mit einer zeit\u00adna\u00adhen Bil\u00adli\u00adgung durch den Rat ist zu rech\u00adnen.&nbsp;Die\u2026","protected":false},"author":1,"featured_media":0,"comment_status":"closed","ping_status":"closed","sticky":false,"template":"","format":"standard","meta":{"wp_typography_post_enhancements_disabled":false,"footnotes":""},"categories":[29],"tags":[],"class_list":{"0":"post-2302","1":"post","2":"type-post","3":"status-publish","4":"format-standard","6":"category-circular-economy"},"yoast_head":"<!-- This site is optimized with the Yoast SEO plugin v27.5 - https:\/\/yoast.com\/product\/yoast-seo-wordpress\/ -->\n<title>EU-Verpackungsverordnung: Entwurf nimmt die n\u00e4chste H\u00fcrde - okl &amp; partner Rechtsanw\u00e4lte PartG mbB<\/title>\n<meta name=\"description\" content=\"Das Europ\u00e4ische Parlament hat der EU-Verpackungsverordnung (Packaging and Packaging Waste Regulation \u2013 PPWR) am 27.11.2024 final zugestimmt. Mit einer zeitnahen Billigung durch den Rat ist zu rechnen. Die Gestaltung vieler f\u00fcr die Industrie relevanter Details beginnt allerdings erst danach.\" \/>\n<meta name=\"robots\" content=\"index, follow, max-snippet:-1, max-image-preview:large, max-video-preview:-1\" \/>\n<link rel=\"canonical\" href=\"https:\/\/oklp.de\/en\/2024\/11\/eu-verpackungsverordnung-entwurf-nimmt-die-naechste-huerde\/\" \/>\n<meta property=\"og:locale\" content=\"en_US\" \/>\n<meta property=\"og:type\" content=\"article\" \/>\n<meta property=\"og:title\" content=\"EU-Verpackungsverordnung: Entwurf nimmt die n\u00e4chste H\u00fcrde - okl &amp; partner Rechtsanw\u00e4lte PartG mbB\" \/>\n<meta property=\"og:description\" content=\"Das Europ\u00e4ische Parlament hat der EU-Verpackungsverordnung (Packaging and Packaging Waste Regulation \u2013 PPWR) am 27.11.2024 final zugestimmt. Mit einer zeitnahen Billigung durch den Rat ist zu rechnen. Die Gestaltung vieler f\u00fcr die Industrie relevanter Details beginnt allerdings erst danach.\" \/>\n<meta property=\"og:url\" content=\"https:\/\/oklp.de\/en\/2024\/11\/eu-verpackungsverordnung-entwurf-nimmt-die-naechste-huerde\/\" \/>\n<meta property=\"og:site_name\" content=\"okl &amp; partner Rechtsanw\u00e4lte PartG mbB\" \/>\n<meta property=\"article:published_time\" content=\"2024-11-27T19:33:56+00:00\" \/>\n<meta name=\"author\" content=\"navigator2022\" \/>\n<meta name=\"twitter:card\" content=\"summary_large_image\" \/>\n<meta name=\"twitter:label1\" content=\"Written by\" \/>\n\t<meta name=\"twitter:data1\" content=\"navigator2022\" \/>\n\t<meta name=\"twitter:label2\" content=\"Est. reading time\" \/>\n\t<meta name=\"twitter:data2\" content=\"3 minutes\" \/>\n<script type=\"application\/ld+json\" class=\"yoast-schema-graph\">{\"@context\":\"https:\\\/\\\/schema.org\",\"@graph\":[{\"@type\":\"Article\",\"@id\":\"https:\\\/\\\/oklp.de\\\/2024\\\/11\\\/eu-verpackungsverordnung-entwurf-nimmt-die-naechste-huerde\\\/#article\",\"isPartOf\":{\"@id\":\"https:\\\/\\\/oklp.de\\\/2024\\\/11\\\/eu-verpackungsverordnung-entwurf-nimmt-die-naechste-huerde\\\/\"},\"author\":{\"name\":\"navigator2022\",\"@id\":\"https:\\\/\\\/oklp.de\\\/#\\\/schema\\\/person\\\/d5d0f95ca69ada807fd3ae7fdcfe8e0c\"},\"headline\":\"EU-Verpackungsverordnung: Entwurf nimmt die n\u00e4chste H\u00fcrde\",\"datePublished\":\"2024-11-27T19:33:56+00:00\",\"mainEntityOfPage\":{\"@id\":\"https:\\\/\\\/oklp.de\\\/2024\\\/11\\\/eu-verpackungsverordnung-entwurf-nimmt-die-naechste-huerde\\\/\"},\"wordCount\":2503,\"publisher\":{\"@id\":\"https:\\\/\\\/oklp.de\\\/#organization\"},\"articleSection\":[\"CIRCULAR ECONOMY\"],\"inLanguage\":\"en-US\"},{\"@type\":\"WebPage\",\"@id\":\"https:\\\/\\\/oklp.de\\\/2024\\\/11\\\/eu-verpackungsverordnung-entwurf-nimmt-die-naechste-huerde\\\/\",\"url\":\"https:\\\/\\\/oklp.de\\\/2024\\\/11\\\/eu-verpackungsverordnung-entwurf-nimmt-die-naechste-huerde\\\/\",\"name\":\"EU-Verpackungsverordnung: Entwurf nimmt die n\u00e4chste H\u00fcrde - okl &amp; partner Rechtsanw\u00e4lte PartG mbB\",\"isPartOf\":{\"@id\":\"https:\\\/\\\/oklp.de\\\/#website\"},\"datePublished\":\"2024-11-27T19:33:56+00:00\",\"description\":\"Das Europ\u00e4ische Parlament hat der EU-Verpackungsverordnung (Packaging and Packaging Waste Regulation \u2013 PPWR) am 27.11.2024 final zugestimmt. Mit einer zeitnahen Billigung durch den Rat ist zu rechnen. Die Gestaltung vieler f\u00fcr die Industrie relevanter Details beginnt allerdings erst danach.\",\"breadcrumb\":{\"@id\":\"https:\\\/\\\/oklp.de\\\/2024\\\/11\\\/eu-verpackungsverordnung-entwurf-nimmt-die-naechste-huerde\\\/#breadcrumb\"},\"inLanguage\":\"en-US\",\"potentialAction\":[{\"@type\":\"ReadAction\",\"target\":[\"https:\\\/\\\/oklp.de\\\/2024\\\/11\\\/eu-verpackungsverordnung-entwurf-nimmt-die-naechste-huerde\\\/\"]}]},{\"@type\":\"BreadcrumbList\",\"@id\":\"https:\\\/\\\/oklp.de\\\/2024\\\/11\\\/eu-verpackungsverordnung-entwurf-nimmt-die-naechste-huerde\\\/#breadcrumb\",\"itemListElement\":[{\"@type\":\"ListItem\",\"position\":1,\"name\":\"Home\",\"item\":\"https:\\\/\\\/oklp.de\\\/\"},{\"@type\":\"ListItem\",\"position\":2,\"name\":\"EU-Verpackungsverordnung: Entwurf nimmt die n\u00e4chste H\u00fcrde\"}]},{\"@type\":\"WebSite\",\"@id\":\"https:\\\/\\\/oklp.de\\\/#website\",\"url\":\"https:\\\/\\\/oklp.de\\\/\",\"name\":\"okl &amp; partner Rechtsanw\u00e4lte PartG mbB\",\"description\":\"\",\"publisher\":{\"@id\":\"https:\\\/\\\/oklp.de\\\/#organization\"},\"potentialAction\":[{\"@type\":\"SearchAction\",\"target\":{\"@type\":\"EntryPoint\",\"urlTemplate\":\"https:\\\/\\\/oklp.de\\\/?s={search_term_string}\"},\"query-input\":{\"@type\":\"PropertyValueSpecification\",\"valueRequired\":true,\"valueName\":\"search_term_string\"}}],\"inLanguage\":\"en-US\"},{\"@type\":\"Organization\",\"@id\":\"https:\\\/\\\/oklp.de\\\/#organization\",\"name\":\"okl & partner Rechtsanw\u00e4lte PartG mbB\",\"url\":\"https:\\\/\\\/oklp.de\\\/\",\"logo\":{\"@type\":\"ImageObject\",\"inLanguage\":\"en-US\",\"@id\":\"https:\\\/\\\/oklp.de\\\/#\\\/schema\\\/logo\\\/image\\\/\",\"url\":\"https:\\\/\\\/oklp.de\\\/wp-content\\\/uploads\\\/2021\\\/12\\\/Prima\u0308r_OKLP_Logo_CMYK-1.png\",\"contentUrl\":\"https:\\\/\\\/oklp.de\\\/wp-content\\\/uploads\\\/2021\\\/12\\\/Prima\u0308r_OKLP_Logo_CMYK-1.png\",\"width\":904,\"height\":286,\"caption\":\"okl & partner Rechtsanw\u00e4lte PartG mbB\"},\"image\":{\"@id\":\"https:\\\/\\\/oklp.de\\\/#\\\/schema\\\/logo\\\/image\\\/\"}},{\"@type\":\"Person\",\"@id\":\"https:\\\/\\\/oklp.de\\\/#\\\/schema\\\/person\\\/d5d0f95ca69ada807fd3ae7fdcfe8e0c\",\"name\":\"navigator2022\",\"sameAs\":[\"https:\\\/\\\/oklp.de\"],\"url\":\"https:\\\/\\\/oklp.de\\\/en\\\/author\\\/navigator2022\\\/\"}]}<\/script>\n<!-- \/ Yoast SEO plugin. -->","yoast_head_json":{"title":"EU-Ver\u00adpa\u00adckungs\u00adver\u00adord\u00adnung: Ent\u00adwurf nimmt die n\u00e4chs\u00adte H\u00fcr\u00adde \u2013 okl &amp;&nbsp;part\u00adner Rechts\u00adan\u00adw\u00e4l\u00adte PartG&nbsp;mbB","description":"Das Euro\u00adp\u00e4i\u00adsche Par\u00adla\u00adment hat der EU-Ver\u00adpa\u00adckungs\u00adver\u00adord\u00adnung (Pack\u00ada\u00adging and Pack\u00ada\u00adging Was\u00adte Regu\u00adla\u00adti\u00adon \u2013 PPWR) am 27.11.2024 final zuge\u00adstimmt. Mit einer zeit\u00adna\u00adhen Bil\u00adli\u00adgung durch den Rat ist zu rech\u00adnen. Die Gestal\u00adtung vie\u00adler f\u00fcr die Indus\u00adtrie rele\u00advan\u00adter Details beginnt aller\u00addings erst danach.","robots":{"index":"index","follow":"follow","max-snippet":"max-snippet:-1","max-image-preview":"max-image-preview:large","max-video-preview":"max-video-preview:-1"},"canonical":"https:\/\/oklp.de\/en\/2024\/11\/eu-verpackungsverordnung-entwurf-nimmt-die-naechste-huerde\/","og_locale":"en_US","og_type":"article","og_title":"EU-Verpackungsverordnung: Entwurf nimmt die n\u00e4chste H\u00fcrde - okl &amp; partner Rechtsanw\u00e4lte PartG mbB","og_description":"Das Europ\u00e4ische Parlament hat der EU-Verpackungsverordnung (Packaging and Packaging Waste Regulation \u2013 PPWR) am 27.11.2024 final zugestimmt. Mit einer zeitnahen Billigung durch den Rat ist zu rechnen. Die Gestaltung vieler f\u00fcr die Industrie relevanter Details beginnt allerdings erst danach.","og_url":"https:\/\/oklp.de\/en\/2024\/11\/eu-verpackungsverordnung-entwurf-nimmt-die-naechste-huerde\/","og_site_name":"okl &amp; partner Rechtsanw\u00e4lte PartG mbB","article_published_time":"2024-11-27T19:33:56+00:00","author":"navigator2022","twitter_card":"summary_large_image","twitter_misc":{"Written by":"navigator2022","Est. reading time":"3 minutes"},"schema":{"@context":"https:\/\/schema.org","@graph":[{"@type":"Article","@id":"https:\/\/oklp.de\/2024\/11\/eu-verpackungsverordnung-entwurf-nimmt-die-naechste-huerde\/#article","isPartOf":{"@id":"https:\/\/oklp.de\/2024\/11\/eu-verpackungsverordnung-entwurf-nimmt-die-naechste-huerde\/"},"author":{"name":"navigator2022","@id":"https:\/\/oklp.de\/#\/schema\/person\/d5d0f95ca69ada807fd3ae7fdcfe8e0c"},"headline":"EU-Verpackungsverordnung: Entwurf nimmt die n\u00e4chste H\u00fcrde","datePublished":"2024-11-27T19:33:56+00:00","mainEntityOfPage":{"@id":"https:\/\/oklp.de\/2024\/11\/eu-verpackungsverordnung-entwurf-nimmt-die-naechste-huerde\/"},"wordCount":2503,"publisher":{"@id":"https:\/\/oklp.de\/#organization"},"articleSection":["CIRCULAR ECONOMY"],"inLanguage":"en-US"},{"@type":"WebPage","@id":"https:\/\/oklp.de\/2024\/11\/eu-verpackungsverordnung-entwurf-nimmt-die-naechste-huerde\/","url":"https:\/\/oklp.de\/2024\/11\/eu-verpackungsverordnung-entwurf-nimmt-die-naechste-huerde\/","name":"EU-Ver\u00adpa\u00adckungs\u00adver\u00adord\u00adnung: Ent\u00adwurf nimmt die n\u00e4chs\u00adte H\u00fcr\u00adde \u2013 okl &amp;&nbsp;part\u00adner Rechts\u00adan\u00adw\u00e4l\u00adte PartG&nbsp;mbB","isPartOf":{"@id":"https:\/\/oklp.de\/#website"},"datePublished":"2024-11-27T19:33:56+00:00","description":"Das Euro\u00adp\u00e4i\u00adsche Par\u00adla\u00adment hat der EU-Ver\u00adpa\u00adckungs\u00adver\u00adord\u00adnung (Pack\u00ada\u00adging and Pack\u00ada\u00adging Was\u00adte Regu\u00adla\u00adti\u00adon \u2013 PPWR) am 27.11.2024 final zuge\u00adstimmt. Mit einer zeit\u00adna\u00adhen Bil\u00adli\u00adgung durch den Rat ist zu rech\u00adnen. Die Gestal\u00adtung vie\u00adler f\u00fcr die Indus\u00adtrie rele\u00advan\u00adter Details beginnt aller\u00addings erst danach.","breadcrumb":{"@id":"https:\/\/oklp.de\/2024\/11\/eu-verpackungsverordnung-entwurf-nimmt-die-naechste-huerde\/#breadcrumb"},"inLanguage":"en-US","potentialAction":[{"@type":"ReadAction","target":["https:\/\/oklp.de\/2024\/11\/eu-verpackungsverordnung-entwurf-nimmt-die-naechste-huerde\/"]}]},{"@type":"BreadcrumbList","@id":"https:\/\/oklp.de\/2024\/11\/eu-verpackungsverordnung-entwurf-nimmt-die-naechste-huerde\/#breadcrumb","itemListElement":[{"@type":"ListItem","position":1,"name":"Home","item":"https:\/\/oklp.de\/"},{"@type":"ListItem","position":2,"name":"EU-Verpackungsverordnung: Entwurf nimmt die n\u00e4chste H\u00fcrde"}]},{"@type":"WebSite","@id":"https:\/\/oklp.de\/#website","url":"https:\/\/oklp.de\/","name":"okl &amp;&nbsp;part\u00adner Rechts\u00adan\u00adw\u00e4l\u00adte PartG&nbsp;mbB","description":"","publisher":{"@id":"https:\/\/oklp.de\/#organization"},"potentialAction":[{"@type":"SearchAction","target":{"@type":"EntryPoint","urlTemplate":"https:\/\/oklp.de\/?s={search_term_string}"},"query-input":{"@type":"PropertyValueSpecification","valueRequired":true,"valueName":"search_term_string"}}],"inLanguage":"en-US"},{"@type":"Organization","@id":"https:\/\/oklp.de\/#organization","name":"okl &amp;&nbsp;part\u00adner Rechts\u00adan\u00adw\u00e4l\u00adte PartG&nbsp;mbB","url":"https:\/\/oklp.de\/","logo":{"@type":"ImageObject","inLanguage":"en-US","@id":"https:\/\/oklp.de\/#\/schema\/logo\/image\/","url":"https:\/\/oklp.de\/wp-content\/uploads\/2021\/12\/Prima\u0308r_OKLP_Logo_CMYK-1.png","contentUrl":"https:\/\/oklp.de\/wp-content\/uploads\/2021\/12\/Prima\u0308r_OKLP_Logo_CMYK-1.png","width":904,"height":286,"caption":"okl & partner Rechtsanw\u00e4lte PartG mbB"},"image":{"@id":"https:\/\/oklp.de\/#\/schema\/logo\/image\/"}},{"@type":"Person","@id":"https:\/\/oklp.de\/#\/schema\/person\/d5d0f95ca69ada807fd3ae7fdcfe8e0c","name":"navigator2022","sameAs":["https:\/\/oklp.de"],"url":"https:\/\/oklp.de\/en\/author\/navigator2022\/"}]}},"_links":{"self":[{"href":"https:\/\/oklp.de\/en\/wp-json\/wp\/v2\/posts\/2302","targetHints":{"allow":["GET"]}}],"collection":[{"href":"https:\/\/oklp.de\/en\/wp-json\/wp\/v2\/posts"}],"about":[{"href":"https:\/\/oklp.de\/en\/wp-json\/wp\/v2\/types\/post"}],"author":[{"embeddable":true,"href":"https:\/\/oklp.de\/en\/wp-json\/wp\/v2\/users\/1"}],"replies":[{"embeddable":true,"href":"https:\/\/oklp.de\/en\/wp-json\/wp\/v2\/comments?post=2302"}],"version-history":[{"count":1,"href":"https:\/\/oklp.de\/en\/wp-json\/wp\/v2\/posts\/2302\/revisions"}],"predecessor-version":[{"id":2303,"href":"https:\/\/oklp.de\/en\/wp-json\/wp\/v2\/posts\/2302\/revisions\/2303"}],"wp:attachment":[{"href":"https:\/\/oklp.de\/en\/wp-json\/wp\/v2\/media?parent=2302"}],"wp:term":[{"taxonomy":"category","embeddable":true,"href":"https:\/\/oklp.de\/en\/wp-json\/wp\/v2\/categories?post=2302"},{"taxonomy":"post_tag","embeddable":true,"href":"https:\/\/oklp.de\/en\/wp-json\/wp\/v2\/tags?post=2302"}],"curies":[{"name":"wp","href":"https:\/\/api.w.org\/{rel}","templated":true}]}}