{"id":2393,"date":"2025-02-19T12:36:27","date_gmt":"2025-02-19T12:36:27","guid":{"rendered":"https:\/\/oklp.de\/?p=2393"},"modified":"2025-02-19T12:37:50","modified_gmt":"2025-02-19T12:37:50","slug":"dr-tina-ines-dressel-verstaerkt-als-salary-partnerin-die-umwelt-und-planungsrechtspraxis-von-okl-partner","status":"publish","type":"post","link":"https:\/\/oklp.de\/en\/2025\/02\/dr-tina-ines-dressel-verstaerkt-als-salary-partnerin-die-umwelt-und-planungsrechtspraxis-von-okl-partner\/","title":{"rendered":"Dr. Tina Ines Dressel ver\u00adst\u00e4rkt als Sala\u00adry-Part\u00adne\u00adrin die Umwelt- und Pla\u00adnungs\u00adrechts\u00adpra\u00adxis von okl &amp;&nbsp;partner"},"content":{"rendered":"<div id=\"fws_69f52e6864537\" data-column-margin=\"default\" data-midnight=\"dark\" class=\"wpb_row vc_row-fluid vc_row full-width-section\" style=\"padding-top: 0px; padding-bottom: 0px; \"><div class=\"row-bg-wrap\" data-bg-animation=\"none\" data-bg-animation-delay data-bg-overlay=\"false\"><div class=\"inner-wrap row-bg-layer\"><div class=\"row-bg viewport-desktop\" style><\/div><\/div><\/div><div class=\"row_col_wrap_12 col span_12 dark left\">\n\t<div style=\" color: #000000;\" class=\"vc_col-sm-12 wpb_column column_container vc_column_container col no-extra-padding inherit_tablet inherit_phone\" data-cfc=\"true\" data-padding-pos=\"bottom\" data-has-bg-color=\"false\" data-bg-color data-bg-opacity=\"1\" data-animation data-delay=\"0\">\n\t\t<div class=\"vc_column-inner\">\n\t\t\t<div class=\"wpb_wrapper\">\n\t\t\t\t<div id=\"fws_69f52e6864844\" data-midnight data-column-margin=\"default\" class=\"wpb_row vc_row-fluid vc_row inner_row\" style><div class=\"row-bg-wrap\"> <div class=\"row-bg\"><\/div> <\/div><div class=\"row_col_wrap_12_inner col span_12  left\">\n\t<div class=\"vc_col-sm-12 wpb_column column_container vc_column_container col child_column no-extra-padding inherit_tablet inherit_phone\" data-padding-pos=\"all\" data-has-bg-color=\"false\" data-bg-color data-bg-opacity=\"1\" data-animation data-delay=\"0\">\n\t\t<div class=\"vc_column-inner\">\n\t\t<div class=\"wpb_wrapper\">\n\t\t\t<h1 style=\"font-size: 54px;color: #ff0072;text-align: left\" class=\"vc_custom_heading vc_do_custom_heading\">Pres\u00adse\u00admit\u00adtei\u00adlung<\/h1>\n\t\t<\/div> \n\t<\/div>\n\t<\/div> \n<\/div><\/div>\n\t\t\t<\/div> \n\t\t<\/div>\n\t<\/div> \n<\/div><\/div>\n\t\t<div id=\"fws_69f52e6864c40\" data-column-margin=\"default\" data-midnight=\"dark\" class=\"wpb_row vc_row-fluid vc_row full-width-section\" style=\"padding-top: 0px; padding-bottom: 0px; \"><div class=\"row-bg-wrap\" data-bg-animation=\"none\" data-bg-animation-delay data-bg-overlay=\"false\"><div class=\"inner-wrap row-bg-layer\"><div class=\"row-bg viewport-desktop\" style><\/div><\/div><\/div><div class=\"row_col_wrap_12 col span_12 dark left\">\n\t<div style=\" color: #000000;\" class=\"vc_col-sm-12 wpb_column column_container vc_column_container col no-extra-padding inherit_tablet inherit_phone\" data-cfc=\"true\" data-padding-pos=\"bottom\" data-has-bg-color=\"false\" data-bg-color data-bg-opacity=\"1\" data-animation data-delay=\"0\">\n\t\t<div class=\"vc_column-inner\">\n\t\t\t<div class=\"wpb_wrapper\">\n\t\t\t\t<div id=\"fws_69f52e6864d5b\" data-midnight data-column-margin=\"default\" class=\"wpb_row vc_row-fluid vc_row inner_row\" style=\"padding-top: 20px; padding-bottom: 20px; \"><div class=\"row-bg-wrap\"> <div class=\"row-bg\"><\/div> <\/div><div class=\"row_col_wrap_12_inner col span_12  left\">\n\t<div class=\"vc_col-sm-12 wpb_column column_container vc_column_container col child_column no-extra-padding inherit_tablet inherit_phone\" data-padding-pos=\"all\" data-has-bg-color=\"false\" data-bg-color data-bg-opacity=\"1\" data-animation data-delay=\"0\">\n\t\t<div class=\"vc_column-inner\">\n\t\t<div class=\"wpb_wrapper\">\n\t\t\t\n\t\t<\/div> \n\t<\/div>\n\t<\/div> \n<\/div><\/div>\n\t\t\t<\/div> \n\t\t<\/div>\n\t<\/div> \n<\/div><\/div>\n\t\t<div id=\"fws_69f52e6864ea4\" data-column-margin=\"default\" data-midnight=\"dark\" class=\"wpb_row vc_row-fluid vc_row full-width-section\" style=\"padding-top: 0px; padding-bottom: 0px; \"><div class=\"row-bg-wrap\" data-bg-animation=\"none\" data-bg-animation-delay data-bg-overlay=\"false\"><div class=\"inner-wrap row-bg-layer\"><div class=\"row-bg viewport-desktop\" style><\/div><\/div><\/div><div class=\"row_col_wrap_12 col span_12 dark left\">\n\t<div style=\" color: #000000;\" class=\"vc_col-sm-12 wpb_column column_container vc_column_container col no-extra-padding inherit_tablet inherit_phone\" data-cfc=\"true\" data-padding-pos=\"bottom\" data-has-bg-color=\"false\" data-bg-color data-bg-opacity=\"1\" data-animation data-delay=\"0\">\n\t\t<div class=\"vc_column-inner\">\n\t\t\t<div class=\"wpb_wrapper\">\n\t\t\t\t<div id=\"fws_69f52e6864fe2\" data-midnight data-column-margin=\"default\" class=\"wpb_row vc_row-fluid vc_row inner_row\" style=\"padding-top: 5px; padding-bottom: 5px; \"><div class=\"row-bg-wrap\"> <div class=\"row-bg\"><\/div> <\/div><div class=\"row_col_wrap_12_inner col span_12  left\">\n\t<div class=\"vc_col-sm-12 wpb_column column_container vc_column_container col child_column no-extra-padding inherit_tablet inherit_phone\" data-padding-pos=\"all\" data-has-bg-color=\"false\" data-bg-color data-bg-opacity=\"1\" data-animation data-delay=\"0\">\n\t\t<div class=\"vc_column-inner\">\n\t\t<div class=\"wpb_wrapper\">\n\t\t\t\n<div class=\"wpb_text_column wpb_content_element\">\n\t<p style=\"font-weight: 400;\">Seit dem 1. Janu\u00adar 2025 ver\u00adst\u00e4rkt Dr. Tina Ines Dressel als Sala\u00adry-Part\u00adne\u00adrin die Umwelt- und Pla\u00adnungs\u00adrechts\u00adpra\u00adxis von okl &amp;&nbsp;partner.<\/p>\n<p style=\"font-weight: 400;\">Frau Dressel (geb. Schmidt), die seit dem 1. M\u00e4rz 2024 bei okl &amp;&nbsp;part\u00adner t\u00e4tig ist, ver\u00adf\u00fcgt \u00fcber lang\u00adj\u00e4h\u00adri\u00adge anwalt\u00adli\u00adche Erfah\u00adrung im \u00f6ffent\u00adli\u00adchen Fachplanungs\u2011, Bau- und Umwelt\u00adrecht. Ihr Kern\u00adbe\u00adra\u00adtungs\u00adfeld bil\u00adden aus\u00adwir\u00adkungs\u00adin\u00adten\u00adsi\u00adve Infra\u00adstruk\u00adtur\u00advor\u00adha\u00adben, spe\u00adzi\u00adell mit Blick auf umwelt- und zulas\u00adsungs\u00adbe\u00adzo\u00adge\u00adne Fra\u00adgen des indus\u00adtri\u00adel\u00adlen Wan\u00addels und der Dekar\u00adbo\u00adni\u00adsie\u00adrung. Erg\u00e4n\u00adzend ber\u00e4t sie Vor\u00adha\u00adben\u00adtr\u00e4\u00adger und Zulas\u00adsungs\u00adbe\u00adh\u00f6r\u00adden zu Bat\u00adte\u00adrie-Spei\u00adcher\u00adpro\u00adjek\u00adten, EE-Erzeu\u00adgungs\u00adan\u00adla\u00adgen sowie zu Netzinfrastruktur.<\/p>\n<p style=\"font-weight: 400;\">Mit der Ernen\u00adnung von Frau Dressel zur Sala\u00adry-Part\u00adne\u00adrin ver\u00adst\u00e4rkt die Sozie\u00adt\u00e4t ihre Pla\u00adnungs\u00adrechts\u00adpra\u00adxis, die aktu\u00adell etwa den \u00dcber\u00adtra\u00adgungs\u00adnetz\u00adbe\u00adtrei\u00adber Ten\u00adneT bei ver\u00adschie\u00adde\u00adnen Netz\u00adaus\u00adbau\u00advor\u00adha\u00adben, den Vor\u00adha\u00adben\u00adtr\u00e4\u00adger in dem Plan\u00adfest\u00adstel\u00adlungs\u00adver\u00adfah\u00adren zur geplan\u00adten Fahr\u00adrin\u00adnen\u00adver\u00adtie\u00adfung am Mit\u00adtel\u00adrhein, den Vor\u00adha\u00adben\u00adtr\u00e4\u00adger in dem Plan\u00adfest\u00adstel\u00adlungs\u00adver\u00adfah\u00adren Zoll\u00adha\u00adfen Mainz sowie \u2013 ins\u00adbe\u00adson\u00adde\u00adre bau\u00adpla\u00adnungs\u00adrecht\u00adlich \u2013 zu ver\u00adschie\u00adde\u00adnen netz\u00adver\u00adst\u00e4r\u00adken\u00adden Bat\u00adte\u00adrie\u00adspei\u00adcher\u00adpro\u00adjek\u00adten&nbsp;ber\u00e4t.<\/p>\n<\/div>\n\n\n\n\n\t\t<\/div> \n\t<\/div>\n\t<\/div> \n<\/div><\/div>\n\t\t\t<\/div> \n\t\t<\/div>\n\t<\/div> \n<\/div><\/div>\n\t\t<div id=\"fws_69f52e6865298\" data-column-margin=\"default\" data-midnight=\"dark\" class=\"wpb_row vc_row-fluid vc_row full-width-section\" style=\"padding-top: 30px; padding-bottom: 0px; \"><div class=\"row-bg-wrap\" data-bg-animation=\"none\" data-bg-animation-delay data-bg-overlay=\"false\"><div class=\"inner-wrap row-bg-layer\"><div class=\"row-bg viewport-desktop\" style><\/div><\/div><\/div><div class=\"row_col_wrap_12 col span_12 dark left\">\n\t<div style=\" color: #000000;\" class=\"vc_col-sm-12 wpb_column column_container vc_column_container col no-extra-padding inherit_tablet inherit_phone\" data-cfc=\"true\" data-padding-pos=\"bottom\" data-has-bg-color=\"false\" data-bg-color data-bg-opacity=\"1\" data-animation data-delay=\"0\">\n\t\t<div class=\"vc_column-inner\">\n\t\t\t<div class=\"wpb_wrapper\">\n\t\t\t\t<div id=\"fws_69f52e6865388\" data-midnight data-column-margin=\"default\" class=\"wpb_row vc_row-fluid vc_row inner_row\" style><div class=\"row-bg-wrap\"> <div class=\"row-bg\"><\/div> <\/div><div class=\"row_col_wrap_12_inner col span_12  left\">\n\t<div class=\"vc_col-sm-12 wpb_column column_container vc_column_container col child_column no-extra-padding inherit_tablet inherit_phone\" data-padding-pos=\"all\" data-has-bg-color=\"false\" data-bg-color data-bg-opacity=\"1\" data-animation data-delay=\"0\">\n\t\t<div class=\"vc_column-inner\">\n\t\t<div class=\"wpb_wrapper\">\n\t\t\t\n<div class=\"wpb_text_column wpb_content_element\">\n\t<p><span style=\"color: #000000;\">okl &amp;&nbsp;partner<br>\nRechts\u00adan\u00adw\u00e4l\u00adte PartG&nbsp;mbB<br>\n<\/span><\/p>\n<\/div>\n\n\n\n\n\t\t<\/div> \n\t<\/div>\n\t<\/div> \n<\/div><\/div><div id=\"fws_69f52e6865502\" data-midnight data-column-margin=\"default\" class=\"wpb_row vc_row-fluid vc_row inner_row\" style><div class=\"row-bg-wrap\"> <div class=\"row-bg\"><\/div> <\/div><div class=\"row_col_wrap_12_inner col span_12  left\">\n\t<div class=\"vc_col-sm-6 wpb_column column_container vc_column_container col child_column no-extra-padding inherit_tablet inherit_phone\" data-padding-pos=\"all\" data-has-bg-color=\"false\" data-bg-color data-bg-opacity=\"1\" data-animation data-delay=\"0\">\n\t\t<div class=\"vc_column-inner\">\n\t\t<div class=\"wpb_wrapper\">\n\t\t\t\n<div class=\"wpb_text_column wpb_content_element\">\n\t<p><span style=\"color: #000000;\">B\u00fcro Ber\u00adlin<br>\nJ\u00e4ger\u00adstra\u00ad\u00dfe 54\u200a\u2013\u200a55 | 10117 Berlin<br>\nT: +49 (0) 30 | 800 98&nbsp;2553<br>\nberlin@oklp.de<br>\n<\/span><\/p>\n<\/div>\n\n\n\n\n\t\t<\/div> \n\t<\/div>\n\t<\/div> \n\n\t<div class=\"vc_col-sm-6 wpb_column column_container vc_column_container col child_column no-extra-padding inherit_tablet inherit_phone\" data-padding-pos=\"all\" data-has-bg-color=\"false\" data-bg-color data-bg-opacity=\"1\" data-animation data-delay=\"0\">\n\t\t<div class=\"vc_column-inner\">\n\t\t<div class=\"wpb_wrapper\">\n\t\t\t\n<div class=\"wpb_text_column wpb_content_element\">\n\t<p><span style=\"color: #000000;\">B\u00fcro K\u00f6ln<br>\nVon-Werth-Stra\u00ad\u00dfe 2 | 50670&nbsp;K\u00f6ln<br>\nT: +49 (0) 221 | 42 07&nbsp;280<br>\nkoeln@oklp.de<br>\n<\/span><\/p>\n<\/div>\n\n\n\n\n\t\t<\/div> \n\t<\/div>\n\t<\/div> \n<\/div><\/div>\n\t\t\t<\/div> \n\t\t<\/div>\n\t<\/div> \n<\/div><\/div>\n\t\t<div id=\"fws_69f52e6865b41\" data-column-margin=\"default\" data-midnight=\"dark\" class=\"wpb_row vc_row-fluid vc_row\" style=\"padding-top: 35px; padding-bottom: 10px; \"><div class=\"row-bg-wrap\" data-bg-animation=\"none\" data-bg-animation-delay data-bg-overlay=\"false\"><div class=\"inner-wrap row-bg-layer\"><div class=\"row-bg viewport-desktop\" style><\/div><\/div><\/div><div class=\"row_col_wrap_12 col span_12 dark left\">\n\t<div class=\"vc_col-sm-6 wpb_column column_container vc_column_container col no-extra-padding inherit_tablet inherit_phone\" data-padding-pos=\"all\" data-has-bg-color=\"false\" data-bg-color data-bg-opacity=\"1\" data-animation data-delay=\"0\">\n\t\t<div class=\"vc_column-inner\">\n\t\t\t<div class=\"wpb_wrapper\">\n\t\t\t\t\n\t\t\t<\/div> \n\t\t<\/div>\n\t<\/div> \n\n\t<div class=\"vc_col-sm-6 wpb_column column_container vc_column_container col no-extra-padding inherit_tablet inherit_phone\" data-padding-pos=\"all\" data-has-bg-color=\"false\" data-bg-color data-bg-opacity=\"1\" data-animation data-delay=\"0\">\n\t\t<div class=\"vc_column-inner\">\n\t\t\t<div class=\"wpb_wrapper\">\n\t\t\t\t\n\t\t\t<\/div> \n\t\t<\/div>\n\t<\/div> \n<\/div><\/div>\n\t\t<div id=\"fws_69f52e6865d0e\" data-column-margin=\"default\" data-midnight=\"dark\" class=\"wpb_row vc_row-fluid vc_row\" style=\"padding-top: 0px; padding-bottom: 0px; \"><div class=\"row-bg-wrap\" data-bg-animation=\"none\" data-bg-animation-delay data-bg-overlay=\"false\"><div class=\"inner-wrap row-bg-layer\"><div class=\"row-bg viewport-desktop\" style><\/div><\/div><\/div><div class=\"row_col_wrap_12 col span_12 dark left\">\n\t<div class=\"vc_col-sm-12 wpb_column column_container vc_column_container col centered-text no-extra-padding inherit_tablet inherit_phone\" data-padding-pos=\"all\" data-has-bg-color=\"false\" data-bg-color data-bg-opacity=\"1\" data-animation data-delay=\"0\">\n\t\t<div class=\"vc_column-inner\">\n\t\t\t<div class=\"wpb_wrapper\">\n\t\t\t\t<div class=\"nectar-cta  alignment_tablet_default alignment_phone_default display_tablet_inherit display_phone_inherit\" data-color=\"default\" data-using-bg=\"false\" data-style=\"see-through\" data-display=\"block\" data-alignment=\"center\" data-text-color=\"std\" style=\"--nectar-button-color: var(--nectar-default); --nectar-icon-gap: 10px; \"><h6> <span class=\"text\"> <\/span><span class=\"link_wrap\"><a class=\"link_text\" role=\"button\" href=\"\/category\/news\/\"><span class=\"arrow\"><\/span><\/a><\/span><\/h6><\/div>\n\t\t\t<\/div> \n\t\t<\/div>\n\t<\/div> \n<\/div><\/div>","protected":false},"excerpt":{"rendered":"Pres\u00adse\u00admit\u00adtei\u00adlung Seit dem 1. Janu\u00adar 2025 ver\u00adst\u00e4rkt Dr. Tina Ines Dressel als Sala\u00adry-Part\u00adne\u00adrin die Umwelt- und Pla\u00adnungs\u00adrechts\u00adpra\u00adxis von okl &amp;&nbsp;part\u00adner. Frau Dressel (geb. Schmidt), die seit dem 1.&nbsp;M\u00e4rz\u2026","protected":false},"author":1,"featured_media":0,"comment_status":"closed","ping_status":"closed","sticky":false,"template":"","format":"standard","meta":{"wp_typography_post_enhancements_disabled":false,"footnotes":""},"categories":[32],"tags":[],"class_list":{"0":"post-2393","1":"post","2":"type-post","3":"status-publish","4":"format-standard","6":"category-aus-der-kanzlei-news"},"yoast_head":"<!-- This site is optimized with the Yoast SEO plugin v27.5 - https:\/\/yoast.com\/product\/yoast-seo-wordpress\/ -->\n<title>Dr. Tina Ines Dressel verst\u00e4rkt als Salary-Partnerin die Umwelt- und Planungsrechtspraxis von okl &amp; partner - okl &amp; partner Rechtsanw\u00e4lte PartG mbB<\/title>\n<meta name=\"description\" content=\"Seit dem 1. Januar 2025 verst\u00e4rkt Dr. Tina Ines Dressel als Salary-Partnerin die Umwelt- und Planungsrechtspraxis von okl &amp; partner.\" \/>\n<meta name=\"robots\" content=\"index, follow, max-snippet:-1, max-image-preview:large, max-video-preview:-1\" \/>\n<link rel=\"canonical\" href=\"https:\/\/oklp.de\/en\/2025\/02\/dr-tina-ines-dressel-verstaerkt-als-salary-partnerin-die-umwelt-und-planungsrechtspraxis-von-okl-partner\/\" \/>\n<meta property=\"og:locale\" content=\"en_US\" \/>\n<meta property=\"og:type\" content=\"article\" \/>\n<meta property=\"og:title\" content=\"Dr. Tina Ines Dressel verst\u00e4rkt als Salary-Partnerin die Umwelt- und Planungsrechtspraxis von okl &amp; partner - okl &amp; partner Rechtsanw\u00e4lte PartG mbB\" \/>\n<meta property=\"og:description\" content=\"Seit dem 1. Januar 2025 verst\u00e4rkt Dr. Tina Ines Dressel als Salary-Partnerin die Umwelt- und Planungsrechtspraxis von okl &amp; partner.\" \/>\n<meta property=\"og:url\" content=\"https:\/\/oklp.de\/en\/2025\/02\/dr-tina-ines-dressel-verstaerkt-als-salary-partnerin-die-umwelt-und-planungsrechtspraxis-von-okl-partner\/\" \/>\n<meta property=\"og:site_name\" content=\"okl &amp; partner Rechtsanw\u00e4lte PartG mbB\" \/>\n<meta property=\"article:published_time\" content=\"2025-02-19T12:36:27+00:00\" \/>\n<meta property=\"article:modified_time\" content=\"2025-02-19T12:37:50+00:00\" \/>\n<meta name=\"author\" content=\"navigator2022\" \/>\n<meta name=\"twitter:card\" content=\"summary_large_image\" \/>\n<meta name=\"twitter:label1\" content=\"Written by\" \/>\n\t<meta name=\"twitter:data1\" content=\"navigator2022\" \/>\n\t<meta name=\"twitter:label2\" content=\"Est. reading time\" \/>\n\t<meta name=\"twitter:data2\" content=\"1 minute\" \/>\n<script type=\"application\/ld+json\" class=\"yoast-schema-graph\">{\"@context\":\"https:\\\/\\\/schema.org\",\"@graph\":[{\"@type\":\"Article\",\"@id\":\"https:\\\/\\\/oklp.de\\\/2025\\\/02\\\/dr-tina-ines-dressel-verstaerkt-als-salary-partnerin-die-umwelt-und-planungsrechtspraxis-von-okl-partner\\\/#article\",\"isPartOf\":{\"@id\":\"https:\\\/\\\/oklp.de\\\/2025\\\/02\\\/dr-tina-ines-dressel-verstaerkt-als-salary-partnerin-die-umwelt-und-planungsrechtspraxis-von-okl-partner\\\/\"},\"author\":{\"name\":\"navigator2022\",\"@id\":\"https:\\\/\\\/oklp.de\\\/#\\\/schema\\\/person\\\/d5d0f95ca69ada807fd3ae7fdcfe8e0c\"},\"headline\":\"Dr. Tina Ines Dressel verst\u00e4rkt als Salary-Partnerin die Umwelt- und Planungsrechtspraxis von okl &#038; partner\",\"datePublished\":\"2025-02-19T12:36:27+00:00\",\"dateModified\":\"2025-02-19T12:37:50+00:00\",\"mainEntityOfPage\":{\"@id\":\"https:\\\/\\\/oklp.de\\\/2025\\\/02\\\/dr-tina-ines-dressel-verstaerkt-als-salary-partnerin-die-umwelt-und-planungsrechtspraxis-von-okl-partner\\\/\"},\"wordCount\":2220,\"publisher\":{\"@id\":\"https:\\\/\\\/oklp.de\\\/#organization\"},\"articleSection\":[\"AUS DER KANZLEI\"],\"inLanguage\":\"en-US\"},{\"@type\":\"WebPage\",\"@id\":\"https:\\\/\\\/oklp.de\\\/2025\\\/02\\\/dr-tina-ines-dressel-verstaerkt-als-salary-partnerin-die-umwelt-und-planungsrechtspraxis-von-okl-partner\\\/\",\"url\":\"https:\\\/\\\/oklp.de\\\/2025\\\/02\\\/dr-tina-ines-dressel-verstaerkt-als-salary-partnerin-die-umwelt-und-planungsrechtspraxis-von-okl-partner\\\/\",\"name\":\"Dr. Tina Ines Dressel verst\u00e4rkt als Salary-Partnerin die Umwelt- und Planungsrechtspraxis von okl & partner - okl &amp; partner Rechtsanw\u00e4lte PartG mbB\",\"isPartOf\":{\"@id\":\"https:\\\/\\\/oklp.de\\\/#website\"},\"datePublished\":\"2025-02-19T12:36:27+00:00\",\"dateModified\":\"2025-02-19T12:37:50+00:00\",\"description\":\"Seit dem 1. Januar 2025 verst\u00e4rkt Dr. Tina Ines Dressel als Salary-Partnerin die Umwelt- und Planungsrechtspraxis von okl & partner.\",\"breadcrumb\":{\"@id\":\"https:\\\/\\\/oklp.de\\\/2025\\\/02\\\/dr-tina-ines-dressel-verstaerkt-als-salary-partnerin-die-umwelt-und-planungsrechtspraxis-von-okl-partner\\\/#breadcrumb\"},\"inLanguage\":\"en-US\",\"potentialAction\":[{\"@type\":\"ReadAction\",\"target\":[\"https:\\\/\\\/oklp.de\\\/2025\\\/02\\\/dr-tina-ines-dressel-verstaerkt-als-salary-partnerin-die-umwelt-und-planungsrechtspraxis-von-okl-partner\\\/\"]}]},{\"@type\":\"BreadcrumbList\",\"@id\":\"https:\\\/\\\/oklp.de\\\/2025\\\/02\\\/dr-tina-ines-dressel-verstaerkt-als-salary-partnerin-die-umwelt-und-planungsrechtspraxis-von-okl-partner\\\/#breadcrumb\",\"itemListElement\":[{\"@type\":\"ListItem\",\"position\":1,\"name\":\"Home\",\"item\":\"https:\\\/\\\/oklp.de\\\/\"},{\"@type\":\"ListItem\",\"position\":2,\"name\":\"Dr. Tina Ines Dressel verst\u00e4rkt als Salary-Partnerin die Umwelt- und Planungsrechtspraxis von okl &#038; partner\"}]},{\"@type\":\"WebSite\",\"@id\":\"https:\\\/\\\/oklp.de\\\/#website\",\"url\":\"https:\\\/\\\/oklp.de\\\/\",\"name\":\"okl &amp; partner Rechtsanw\u00e4lte PartG mbB\",\"description\":\"\",\"publisher\":{\"@id\":\"https:\\\/\\\/oklp.de\\\/#organization\"},\"potentialAction\":[{\"@type\":\"SearchAction\",\"target\":{\"@type\":\"EntryPoint\",\"urlTemplate\":\"https:\\\/\\\/oklp.de\\\/?s={search_term_string}\"},\"query-input\":{\"@type\":\"PropertyValueSpecification\",\"valueRequired\":true,\"valueName\":\"search_term_string\"}}],\"inLanguage\":\"en-US\"},{\"@type\":\"Organization\",\"@id\":\"https:\\\/\\\/oklp.de\\\/#organization\",\"name\":\"okl & partner Rechtsanw\u00e4lte PartG mbB\",\"url\":\"https:\\\/\\\/oklp.de\\\/\",\"logo\":{\"@type\":\"ImageObject\",\"inLanguage\":\"en-US\",\"@id\":\"https:\\\/\\\/oklp.de\\\/#\\\/schema\\\/logo\\\/image\\\/\",\"url\":\"https:\\\/\\\/oklp.de\\\/wp-content\\\/uploads\\\/2021\\\/12\\\/Prima\u0308r_OKLP_Logo_CMYK-1.png\",\"contentUrl\":\"https:\\\/\\\/oklp.de\\\/wp-content\\\/uploads\\\/2021\\\/12\\\/Prima\u0308r_OKLP_Logo_CMYK-1.png\",\"width\":904,\"height\":286,\"caption\":\"okl & partner Rechtsanw\u00e4lte PartG mbB\"},\"image\":{\"@id\":\"https:\\\/\\\/oklp.de\\\/#\\\/schema\\\/logo\\\/image\\\/\"}},{\"@type\":\"Person\",\"@id\":\"https:\\\/\\\/oklp.de\\\/#\\\/schema\\\/person\\\/d5d0f95ca69ada807fd3ae7fdcfe8e0c\",\"name\":\"navigator2022\",\"sameAs\":[\"https:\\\/\\\/oklp.de\"],\"url\":\"https:\\\/\\\/oklp.de\\\/en\\\/author\\\/navigator2022\\\/\"}]}<\/script>\n<!-- \/ Yoast SEO plugin. -->","yoast_head_json":{"title":"Dr. Tina Ines Dressel ver\u00adst\u00e4rkt als Sala\u00adry-Part\u00adne\u00adrin die Umwelt- und Pla\u00adnungs\u00adrechts\u00adpra\u00adxis von okl &amp;&nbsp;part\u00adner \u2013 okl &amp;&nbsp;part\u00adner Rechts\u00adan\u00adw\u00e4l\u00adte PartG&nbsp;mbB","description":"Seit dem 1. Janu\u00adar 2025 ver\u00adst\u00e4rkt Dr. Tina Ines Dressel als Sala\u00adry-Part\u00adne\u00adrin die Umwelt- und Pla\u00adnungs\u00adrechts\u00adpra\u00adxis von okl &amp;&nbsp;partner.","robots":{"index":"index","follow":"follow","max-snippet":"max-snippet:-1","max-image-preview":"max-image-preview:large","max-video-preview":"max-video-preview:-1"},"canonical":"https:\/\/oklp.de\/en\/2025\/02\/dr-tina-ines-dressel-verstaerkt-als-salary-partnerin-die-umwelt-und-planungsrechtspraxis-von-okl-partner\/","og_locale":"en_US","og_type":"article","og_title":"Dr. Tina Ines Dressel verst\u00e4rkt als Salary-Partnerin die Umwelt- und Planungsrechtspraxis von okl & partner - okl &amp; partner Rechtsanw\u00e4lte PartG mbB","og_description":"Seit dem 1. Januar 2025 verst\u00e4rkt Dr. Tina Ines Dressel als Salary-Partnerin die Umwelt- und Planungsrechtspraxis von okl & partner.","og_url":"https:\/\/oklp.de\/en\/2025\/02\/dr-tina-ines-dressel-verstaerkt-als-salary-partnerin-die-umwelt-und-planungsrechtspraxis-von-okl-partner\/","og_site_name":"okl &amp; partner Rechtsanw\u00e4lte PartG mbB","article_published_time":"2025-02-19T12:36:27+00:00","article_modified_time":"2025-02-19T12:37:50+00:00","author":"navigator2022","twitter_card":"summary_large_image","twitter_misc":{"Written by":"navigator2022","Est. reading time":"1 minute"},"schema":{"@context":"https:\/\/schema.org","@graph":[{"@type":"Article","@id":"https:\/\/oklp.de\/2025\/02\/dr-tina-ines-dressel-verstaerkt-als-salary-partnerin-die-umwelt-und-planungsrechtspraxis-von-okl-partner\/#article","isPartOf":{"@id":"https:\/\/oklp.de\/2025\/02\/dr-tina-ines-dressel-verstaerkt-als-salary-partnerin-die-umwelt-und-planungsrechtspraxis-von-okl-partner\/"},"author":{"name":"navigator2022","@id":"https:\/\/oklp.de\/#\/schema\/person\/d5d0f95ca69ada807fd3ae7fdcfe8e0c"},"headline":"Dr. Tina Ines Dressel verst\u00e4rkt als Salary-Partnerin die Umwelt- und Planungsrechtspraxis von okl &#038; partner","datePublished":"2025-02-19T12:36:27+00:00","dateModified":"2025-02-19T12:37:50+00:00","mainEntityOfPage":{"@id":"https:\/\/oklp.de\/2025\/02\/dr-tina-ines-dressel-verstaerkt-als-salary-partnerin-die-umwelt-und-planungsrechtspraxis-von-okl-partner\/"},"wordCount":2220,"publisher":{"@id":"https:\/\/oklp.de\/#organization"},"articleSection":["AUS DER KANZLEI"],"inLanguage":"en-US"},{"@type":"WebPage","@id":"https:\/\/oklp.de\/2025\/02\/dr-tina-ines-dressel-verstaerkt-als-salary-partnerin-die-umwelt-und-planungsrechtspraxis-von-okl-partner\/","url":"https:\/\/oklp.de\/2025\/02\/dr-tina-ines-dressel-verstaerkt-als-salary-partnerin-die-umwelt-und-planungsrechtspraxis-von-okl-partner\/","name":"Dr. Tina Ines Dressel ver\u00adst\u00e4rkt als Sala\u00adry-Part\u00adne\u00adrin die Umwelt- und Pla\u00adnungs\u00adrechts\u00adpra\u00adxis von okl &amp;&nbsp;part\u00adner \u2013 okl &amp;&nbsp;part\u00adner Rechts\u00adan\u00adw\u00e4l\u00adte PartG&nbsp;mbB","isPartOf":{"@id":"https:\/\/oklp.de\/#website"},"datePublished":"2025-02-19T12:36:27+00:00","dateModified":"2025-02-19T12:37:50+00:00","description":"Seit dem 1. Janu\u00adar 2025 ver\u00adst\u00e4rkt Dr. Tina Ines Dressel als Sala\u00adry-Part\u00adne\u00adrin die Umwelt- und Pla\u00adnungs\u00adrechts\u00adpra\u00adxis von okl &amp;&nbsp;partner.","breadcrumb":{"@id":"https:\/\/oklp.de\/2025\/02\/dr-tina-ines-dressel-verstaerkt-als-salary-partnerin-die-umwelt-und-planungsrechtspraxis-von-okl-partner\/#breadcrumb"},"inLanguage":"en-US","potentialAction":[{"@type":"ReadAction","target":["https:\/\/oklp.de\/2025\/02\/dr-tina-ines-dressel-verstaerkt-als-salary-partnerin-die-umwelt-und-planungsrechtspraxis-von-okl-partner\/"]}]},{"@type":"BreadcrumbList","@id":"https:\/\/oklp.de\/2025\/02\/dr-tina-ines-dressel-verstaerkt-als-salary-partnerin-die-umwelt-und-planungsrechtspraxis-von-okl-partner\/#breadcrumb","itemListElement":[{"@type":"ListItem","position":1,"name":"Home","item":"https:\/\/oklp.de\/"},{"@type":"ListItem","position":2,"name":"Dr. Tina Ines Dressel verst\u00e4rkt als Salary-Partnerin die Umwelt- und Planungsrechtspraxis von okl &#038; partner"}]},{"@type":"WebSite","@id":"https:\/\/oklp.de\/#website","url":"https:\/\/oklp.de\/","name":"okl &amp;&nbsp;part\u00adner Rechts\u00adan\u00adw\u00e4l\u00adte PartG&nbsp;mbB","description":"","publisher":{"@id":"https:\/\/oklp.de\/#organization"},"potentialAction":[{"@type":"SearchAction","target":{"@type":"EntryPoint","urlTemplate":"https:\/\/oklp.de\/?s={search_term_string}"},"query-input":{"@type":"PropertyValueSpecification","valueRequired":true,"valueName":"search_term_string"}}],"inLanguage":"en-US"},{"@type":"Organization","@id":"https:\/\/oklp.de\/#organization","name":"okl &amp;&nbsp;part\u00adner Rechts\u00adan\u00adw\u00e4l\u00adte PartG&nbsp;mbB","url":"https:\/\/oklp.de\/","logo":{"@type":"ImageObject","inLanguage":"en-US","@id":"https:\/\/oklp.de\/#\/schema\/logo\/image\/","url":"https:\/\/oklp.de\/wp-content\/uploads\/2021\/12\/Prima\u0308r_OKLP_Logo_CMYK-1.png","contentUrl":"https:\/\/oklp.de\/wp-content\/uploads\/2021\/12\/Prima\u0308r_OKLP_Logo_CMYK-1.png","width":904,"height":286,"caption":"okl & partner Rechtsanw\u00e4lte PartG mbB"},"image":{"@id":"https:\/\/oklp.de\/#\/schema\/logo\/image\/"}},{"@type":"Person","@id":"https:\/\/oklp.de\/#\/schema\/person\/d5d0f95ca69ada807fd3ae7fdcfe8e0c","name":"navigator2022","sameAs":["https:\/\/oklp.de"],"url":"https:\/\/oklp.de\/en\/author\/navigator2022\/"}]}},"_links":{"self":[{"href":"https:\/\/oklp.de\/en\/wp-json\/wp\/v2\/posts\/2393","targetHints":{"allow":["GET"]}}],"collection":[{"href":"https:\/\/oklp.de\/en\/wp-json\/wp\/v2\/posts"}],"about":[{"href":"https:\/\/oklp.de\/en\/wp-json\/wp\/v2\/types\/post"}],"author":[{"embeddable":true,"href":"https:\/\/oklp.de\/en\/wp-json\/wp\/v2\/users\/1"}],"replies":[{"embeddable":true,"href":"https:\/\/oklp.de\/en\/wp-json\/wp\/v2\/comments?post=2393"}],"version-history":[{"count":3,"href":"https:\/\/oklp.de\/en\/wp-json\/wp\/v2\/posts\/2393\/revisions"}],"predecessor-version":[{"id":2396,"href":"https:\/\/oklp.de\/en\/wp-json\/wp\/v2\/posts\/2393\/revisions\/2396"}],"wp:attachment":[{"href":"https:\/\/oklp.de\/en\/wp-json\/wp\/v2\/media?parent=2393"}],"wp:term":[{"taxonomy":"category","embeddable":true,"href":"https:\/\/oklp.de\/en\/wp-json\/wp\/v2\/categories?post=2393"},{"taxonomy":"post_tag","embeddable":true,"href":"https:\/\/oklp.de\/en\/wp-json\/wp\/v2\/tags?post=2393"}],"curies":[{"name":"wp","href":"https:\/\/api.w.org\/{rel}","templated":true}]}}