{"id":2485,"date":"2025-08-04T12:58:05","date_gmt":"2025-08-04T12:58:05","guid":{"rendered":"https:\/\/oklp.de\/?p=2485"},"modified":"2025-08-04T12:59:53","modified_gmt":"2025-08-04T12:59:53","slug":"entwurf-eines-gesetzes-zur-beschleunigung-der-vergabe-oeffentlicher-auftraege-zweiter-anlauf-fuer-neuerungen-im-vergaberecht-oberhalb-der-eu-schwellenwerte","status":"publish","type":"post","link":"https:\/\/oklp.de\/en\/2025\/08\/entwurf-eines-gesetzes-zur-beschleunigung-der-vergabe-oeffentlicher-auftraege-zweiter-anlauf-fuer-neuerungen-im-vergaberecht-oberhalb-der-eu-schwellenwerte\/","title":{"rendered":"Ent\u00adwurf eines Geset\u00adzes zur Beschleu\u00adni\u00adgung der Ver\u00adga\u00adbe \u00f6ffent\u00adli\u00adcher Auf\u00adtr\u00e4\u00adge \u2013 Zwei\u00adter Anlauf f\u00fcr Neue\u00adrun\u00adgen im Ver\u00adga\u00adbe\u00adrecht ober\u00adhalb der EU-Schwellenwerte"},"content":{"rendered":"<div id=\"fws_69f5353123254\" data-column-margin=\"default\" data-midnight=\"dark\" class=\"wpb_row vc_row-fluid vc_row full-width-section\" style=\"padding-top: 0px; padding-bottom: 0px; \"><div class=\"row-bg-wrap\" data-bg-animation=\"none\" data-bg-animation-delay data-bg-overlay=\"false\"><div class=\"inner-wrap row-bg-layer\"><div class=\"row-bg viewport-desktop\" style><\/div><\/div><\/div><div class=\"row_col_wrap_12 col span_12 dark left\">\n\t<div style=\" color: #000000;\" class=\"vc_col-sm-12 wpb_column column_container vc_column_container col no-extra-padding inherit_tablet inherit_phone\" data-cfc=\"true\" data-padding-pos=\"bottom\" data-has-bg-color=\"false\" data-bg-color data-bg-opacity=\"1\" data-animation data-delay=\"0\">\n\t\t<div class=\"vc_column-inner\">\n\t\t\t<div class=\"wpb_wrapper\">\n\t\t\t\t<div id=\"fws_69f53531234d2\" data-midnight data-column-margin=\"default\" class=\"wpb_row vc_row-fluid vc_row inner_row\" style><div class=\"row-bg-wrap\"> <div class=\"row-bg\"><\/div> <\/div><div class=\"row_col_wrap_12_inner col span_12  left\">\n\t<div class=\"vc_col-sm-12 wpb_column column_container vc_column_container col child_column no-extra-padding inherit_tablet inherit_phone\" data-padding-pos=\"all\" data-has-bg-color=\"false\" data-bg-color data-bg-opacity=\"1\" data-animation data-delay=\"0\">\n\t\t<div class=\"vc_column-inner\">\n\t\t<div class=\"wpb_wrapper\">\n\t\t\t<h1 style=\"font-size: 54px;color: #ff0072;text-align: left\" class=\"vc_custom_heading vc_do_custom_heading\">Man\u00addan\u00adten\u00adin\u00adfor\u00adma\u00adti\u00adon 12\/2025<\/h1>\n\t\t<\/div> \n\t<\/div>\n\t<\/div> \n<\/div><\/div>\n\t\t\t<\/div> \n\t\t<\/div>\n\t<\/div> \n<\/div><\/div>\n\t\t<div id=\"fws_69f53531237cd\" data-column-margin=\"default\" data-midnight=\"dark\" class=\"wpb_row vc_row-fluid vc_row full-width-section\" style=\"padding-top: 0px; padding-bottom: 0px; \"><div class=\"row-bg-wrap\" data-bg-animation=\"none\" data-bg-animation-delay data-bg-overlay=\"false\"><div class=\"inner-wrap row-bg-layer\"><div class=\"row-bg viewport-desktop\" style><\/div><\/div><\/div><div class=\"row_col_wrap_12 col span_12 dark left\">\n\t<div style=\" color: #000000;\" class=\"vc_col-sm-12 wpb_column column_container vc_column_container col no-extra-padding inherit_tablet inherit_phone\" data-cfc=\"true\" data-padding-pos=\"bottom\" data-has-bg-color=\"false\" data-bg-color data-bg-opacity=\"1\" data-animation data-delay=\"0\">\n\t\t<div class=\"vc_column-inner\">\n\t\t\t<div class=\"wpb_wrapper\">\n\t\t\t\t<div id=\"fws_69f53531238a4\" data-midnight data-column-margin=\"default\" class=\"wpb_row vc_row-fluid vc_row inner_row\" style=\"padding-top: 20px; padding-bottom: 20px; \"><div class=\"row-bg-wrap\"> <div class=\"row-bg\"><\/div> <\/div><div class=\"row_col_wrap_12_inner col span_12  left\">\n\t<div class=\"vc_col-sm-12 wpb_column column_container vc_column_container col child_column no-extra-padding inherit_tablet inherit_phone\" data-padding-pos=\"all\" data-has-bg-color=\"false\" data-bg-color data-bg-opacity=\"1\" data-animation data-delay=\"0\">\n\t\t<div class=\"vc_column-inner\">\n\t\t<div class=\"wpb_wrapper\">\n\t\t\t\n\t\t<\/div> \n\t<\/div>\n\t<\/div> \n<\/div><\/div>\n\t\t\t<\/div> \n\t\t<\/div>\n\t<\/div> \n<\/div><\/div>\n\t\t<div id=\"fws_69f535312398a\" data-column-margin=\"default\" data-midnight=\"dark\" class=\"wpb_row vc_row-fluid vc_row full-width-section\" style=\"padding-top: 0px; padding-bottom: 0px; \"><div class=\"row-bg-wrap\" data-bg-animation=\"none\" data-bg-animation-delay data-bg-overlay=\"false\"><div class=\"inner-wrap row-bg-layer\"><div class=\"row-bg viewport-desktop\" style><\/div><\/div><\/div><div class=\"row_col_wrap_12 col span_12 dark left\">\n\t<div style=\" color: #000000;\" class=\"vc_col-sm-12 wpb_column column_container vc_column_container col no-extra-padding inherit_tablet inherit_phone\" data-cfc=\"true\" data-padding-pos=\"bottom\" data-has-bg-color=\"false\" data-bg-color data-bg-opacity=\"1\" data-animation data-delay=\"0\">\n\t\t<div class=\"vc_column-inner\">\n\t\t\t<div class=\"wpb_wrapper\">\n\t\t\t\t\n<div class=\"wpb_text_column wpb_content_element\">\n\t<p><span style=\"color: #ff0072;\">Das Bun\u00addes\u00admi\u00adnis\u00adte\u00adri\u00adum f\u00fcr Wirt\u00adschaft und Ener\u00adgie (BMWE) hat die fina\u00adle Fas\u00adsung des Ent\u00adwurfs eines Geset\u00adzes zur Beschleu\u00adni\u00adgung der Ver\u00adga\u00adbe \u00f6ffent\u00adli\u00adcher Auf\u00adtr\u00e4\u00adge (sog. Ver\u00adga\u00adbe\u00adbe\u00adschleu\u00adni\u00adgungs\u00adge\u00adsetz) vor\u00adge\u00adlegt und die ein\u00adschl\u00e4\u00adgi\u00adgen Ver\u00adb\u00e4n\u00adde um Stel\u00adlung\u00adnah\u00adme ersucht. Der Refe\u00adren\u00adten\u00adent\u00adwurf basiert auf sol\u00adchen Ma\u00df\u00adnah\u00admen des ange\u00adsto\u00ad\u00dfe\u00adnen, aber nicht ver\u00adab\u00adschie\u00adde\u00adten Gesetz\u00adent\u00adwurfs zur Ver\u00adga\u00adbe\u00adrechts\u00adre\u00adform aus der letz\u00adten Legis\u00adla\u00adtur\u00adpe\u00adri\u00adode, die mit der Ziel\u00adset\u00adzung des jet\u00adzi\u00adgen Koali\u00adti\u00adons\u00adver\u00adtrags ver\u00adein\u00adbar&nbsp;sind.<br>\n<\/span><\/p>\n<\/div>\n\n\n\n<div id=\"fws_69f5353123bae\" data-midnight data-column-margin=\"default\" class=\"wpb_row vc_row-fluid vc_row inner_row\" style=\"padding-top: 5px; padding-bottom: 5px; \"><div class=\"row-bg-wrap\"> <div class=\"row-bg\"><\/div> <\/div><div class=\"row_col_wrap_12_inner col span_12  left\">\n\t<div class=\"vc_col-sm-12 wpb_column column_container vc_column_container col child_column no-extra-padding inherit_tablet inherit_phone\" data-padding-pos=\"all\" data-has-bg-color=\"false\" data-bg-color data-bg-opacity=\"1\" data-animation data-delay=\"0\">\n\t\t<div class=\"vc_column-inner\">\n\t\t<div class=\"wpb_wrapper\">\n\t\t\t\n<div class=\"wpb_text_column wpb_content_element\">\n\t<p>Ziel des Geset\u00adzes\u00adent\u00adwurfs ist es, die \u00f6ffent\u00adli\u00adche Beschaf\u00adfung ein\u00adfa\u00adcher, schnel\u00adler und fle\u00adxi\u00adbler zu gestal\u00adten. Dadurch soll den der\u00adzeit gro\u00ad\u00dfen und dring\u00adli\u00adchen Her\u00adaus\u00adfor\u00adde\u00adrun\u00adgen, etwa der St\u00e4r\u00adkung der Wett\u00adbe\u00adwerbs\u00adf\u00e4\u00adhig\u00adkeit, der Erneue\u00adrung und Ver\u00adbes\u00adse\u00adrung der Infra\u00adstruk\u00adtur und der beschleu\u00adnig\u00adten Digi\u00adta\u00adli\u00adsie\u00adrung ange\u00admes\u00adsen begeg\u00adnet wer\u00adden. Die Ver\u00adwal\u00adtun\u00adgen, gera\u00adde im kom\u00admu\u00adna\u00adlen Bereich, und die Wirt\u00adschaft sol\u00adlen von Rege\u00adlun\u00adgen ent\u00adlas\u00adtet wer\u00adden, die einen unver\u00adh\u00e4lt\u00adnis\u00adm\u00e4\u00ad\u00dfig hohen Mehr\u00adauf\u00adwand f\u00fcr alle Akteu\u00adre ver\u00adur\u00adsa\u00adchen. Von den Ver\u00adein\u00adfa\u00adchun\u00adgen sol\u00adlen aber auch gera\u00adde jun\u00adge Unter\u00adneh\u00admen, der Mit\u00adtel\u00adstand und das Hand\u00adwerk in beson\u00adde\u00adrem Ma\u00dfe pro\u00adfi\u00adtie\u00adren. Dane\u00adben wer\u00adden zahl\u00adrei\u00adche Ma\u00df\u00adnah\u00admen ergrif\u00adfen, um die hohe Betei\u00adli\u00adgung klei\u00adner und mitt\u00adle\u00adrer Unter\u00adneh\u00admen am \u00f6ffent\u00adli\u00adchen Auf\u00adtrags\u00adwe\u00adsen zu st\u00e4r\u00adken sowie die noch zu gerin\u00adgen Teil\u00adnah\u00adme\u00adm\u00f6g\u00adlich\u00adkei\u00adten von Start-ups und Unter\u00adneh\u00admen mit inno\u00adva\u00adti\u00adven Ange\u00adbo\u00adten zu erh\u00f6hen.<\/p>\n<p>Zen\u00adtra\u00adle Aspek\u00adte des Ent\u00adwurfs, die im Ver\u00adga\u00adbe\u00adtrans\u00adfor\u00adma\u00adti\u00adons\u00adpa\u00adket aus dem letz\u00adten Jahr nicht oder anders ent\u00adhal\u00adten waren, sind die Fle\u00adxi\u00adbi\u00adli\u00adsie\u00adrung des Los\u00adgrund\u00adsat\u00adzes, die neue Rege\u00adlung zur Ber\u00fcck\u00adsich\u00adti\u00adgung von Nach\u00adhal\u00adtig\u00adkeit im Ver\u00adga\u00adbe\u00adver\u00adfah\u00adren sowie die Abschaf\u00adfung der auf\u00adschie\u00adben\u00adden Wir\u00adkung der sofor\u00adti\u00adgen Beschwer\u00adde. Soweit Rege\u00adlun\u00adgen aus dem Ent\u00adwurf zum Ver\u00adga\u00adbe\u00adtrans\u00adfor\u00adma\u00adti\u00adons\u00adpa\u00adket unver\u00ad\u00e4n\u00addert \u00fcber\u00adnom\u00admen wur\u00adden, ver\u00adwei\u00adsen wir dies\u00adbe\u00adz\u00fcg\u00adlich auf unse\u00adre Man\u00addan\u00adten\u00adin\u00adfor\u00adma\u00adti\u00adon 15\/2024. Im Fol\u00adgen\u00adden wer\u00adden daher nur sol\u00adche Neue\u00adrun\u00adgen bzw. Abwei\u00adchun\u00adgen dar\u00adge\u00adstellt, \u00fcber die wir noch nicht infor\u00admiert&nbsp;haben.<\/p>\n<p><b>Fle\u00adxi\u00adbi\u00adli\u00adsie\u00adrung des Losgrundsatzes<\/b><b><\/b><\/p>\n<p>Das in \u00a7&nbsp;97 Abs. 4&nbsp;S. 1&nbsp;GWB vor\u00adge\u00adse\u00adhe\u00adne Regel-Aus\u00adnah\u00adme-Ver\u00adh\u00e4lt\u00adnis von Los- und Gesamt\u00adver\u00adga\u00adbe bleibt bestehen.<\/p>\n<p>Die zuvor vor\u00adge\u00adse\u00adhe\u00adne Beschr\u00e4n\u00adkung des Los\u00adgrund\u00adsat\u00adzes, wonach Teil- oder Fach\u00adlo\u00adse ganz oder teil\u00adwei\u00adse zusam\u00admen ver\u00adge\u00adben wer\u00adden konn\u00adten, wenn wirt\u00adschaft\u00adli\u00adche, tech\u00adni\u00adsche oder zeit\u00adli\u00adche Gr\u00fcn\u00adde dies \u201e<i>recht\u00adfer\u00adti\u00adgen<\/i>\u201c, wur\u00adde gestri\u00adchen. Statt\u00addes\u00adsen wird eine neue Abwei\u00adchungs\u00adm\u00f6g\u00adlich\u00adkeit vom Los\u00adgrund\u00adsatz geschaf\u00adfen, die auf dring\u00adli\u00adche Infra\u00adstruk\u00adtur\u00advor\u00adha\u00adben aus dem Son\u00adder\u00adver\u00adm\u00f6\u00adgen Infra\u00adstruk\u00adtur und Kli\u00adma\u00adneu\u00adtra\u00adli\u00adt\u00e4t, deren gesch\u00e4tz\u00adter Auf\u00adtrags- oder Ver\u00adtrags\u00adwert die EU-Schwel\u00adlen\u00adwer\u00adte um das 2,5\u2011fache \u00fcber\u00adsteigt, beschr\u00e4nkt wird. Ziel der Neu\u00adre\u00adge\u00adlung ist es, die zeit\u00adna\u00adhe Ver\u00adwen\u00addung der kurz\u00adfris\u00adtig bereit\u00adge\u00adstell\u00adten Mit\u00adtel aus dem Son\u00adder\u00adver\u00adm\u00f6\u00adgen zu gew\u00e4hr\u00adleis\u00adten. Unver\u00adst\u00e4nd\u00adlich ist aber, war\u00adum die Neu\u00adre\u00adge\u00adlung aus\u00adschlie\u00df\u00adlich auf Ver\u00adga\u00adben aus dem Son\u00adder\u00adver\u00adm\u00f6\u00adgen beschr\u00e4nkt wird.<\/p>\n<p>War\u00adum zeit\u00adli\u00adche Gr\u00fcn\u00adde \u2013 anders als noch im Ver\u00adga\u00adbe\u00adtrans\u00adfor\u00adma\u00adti\u00adons\u00adpa\u00adket \u2013 als aner\u00adken\u00adnens\u00adwer\u00adter Grund f\u00fcr eine gemein\u00adsa\u00adme Ver\u00adga\u00adbe nun\u00admehr kei\u00adne Ber\u00fcck\u00adsich\u00adti\u00adgung mehr fin\u00adden sol\u00adlen, ist nicht nach\u00advoll\u00adzieh\u00adbar. Ins\u00adbe\u00adson\u00adde\u00adre weil der Grund\u00adsatz des Mit\u00adtel\u00adstands\u00adschut\u00adzes wei\u00adter\u00adhin vor\u00adnehm\u00adlich zu ber\u00fcck\u00adsich\u00adti\u00adgen ist. Zeit\u00adli\u00adcher Auf\u00adwand wur\u00adde auch nach der bis\u00adhe\u00adri\u00adgen Rechts\u00adla\u00adge von der Recht\u00adspre\u00adchung teil\u00adwei\u00adse bereits als zul\u00e4s\u00adsi\u00adger wirt\u00adschaft\u00adli\u00adcher oder tech\u00adni\u00adscher Grund aner\u00adkannt. Ziel des Gesetz\u00adent\u00adwur\u00adfes ist es au\u00dfer\u00addem, den \u00f6ffent\u00adli\u00adchen Beschaf\u00adfungs\u00adpro\u00adzess zu ver\u00adein\u00adfa\u00adchen, zu beschleu\u00adni\u00adgen und zu fle\u00adxi\u00adbi\u00adli\u00adsie\u00adren, was durch zeit\u00adli\u00adche Gr\u00fcn\u00adde als aner\u00adken\u00adnens\u00adwer\u00adter Grund f\u00fcr gemein\u00adsa\u00adme Ver\u00adga\u00adben zwei\u00adfels\u00adoh\u00adne h\u00e4t\u00adte erreicht wer\u00adden k\u00f6nnen.<\/p>\n<p><b>Ber\u00fcck\u00adsich\u00adti\u00adgung von Nach\u00adhal\u00adtig\u00adkeit im Vergabeverfahren<\/b><b><\/b><\/p>\n<p>Die \u00f6ffent\u00adli\u00adche Beschaf\u00adfung soll zum Errei\u00adchen der Kli\u00adma\u00adzie\u00adle Deutsch\u00adlands bei\u00adtra\u00adgen. Im Ver\u00adga\u00adbe\u00adtrans\u00adfor\u00adma\u00adti\u00adons\u00adpa\u00adket war mit \u00a7&nbsp;120a GWB\u2011E eine neue Zen\u00adtral\u00adnorm zur nach\u00adhal\u00adti\u00adgen Beschaf\u00adfung vor\u00adge\u00adse\u00adhen. Danach soll\u00adten umwelt\u00adbe\u00adzo\u00adge\u00adne und sozia\u00adle Kri\u00adte\u00adri\u00aden bei der Ver\u00adga\u00adbe \u00f6ffent\u00adli\u00adcher Auf\u00adtr\u00e4\u00adge ber\u00fcck\u00adsich\u00adtigt wer\u00adden. Dies galt zwin\u00adgend (\u201e<i>muss<\/i>\u201c) f\u00fcr Beschaf\u00adfungs\u00adge\u00adgen\u00adst\u00e4n\u00adde, die f\u00fcr eine umwelt\u00adbe\u00adzo\u00adge\u00adne oder sozi\u00adal nach\u00adhal\u00adti\u00adge Beschaf\u00adfung beson\u00adders geeig\u00adnet&nbsp;sind.<\/p>\n<p>Die\u00adse zuvor vor\u00adge\u00adse\u00adhe\u00adnen ver\u00adpflich\u00adten\u00adden Vor\u00adga\u00adben zur Ber\u00fcck\u00adsich\u00adti\u00adgung von Nach\u00adhal\u00adtig\u00adkeit in Ver\u00adga\u00adbe\u00adver\u00adfah\u00adren wer\u00adden ersatz\u00adlos gestri\u00adchen. Statt\u00addes\u00adsen wird die Ver\u00adord\u00adnungs\u00ader\u00adm\u00e4ch\u00adti\u00adgung der Bun\u00addes\u00adre\u00adgie\u00adrung in \u00a7&nbsp;113 Abs. 1&nbsp;GWB\u2011E um aus\u00addr\u00fcck\u00adli\u00adche Vor\u00adga\u00adben zur Beschaf\u00adfung von kli\u00adma\u00adfreund\u00adli\u00adchen Pro\u00adduk\u00adten erweitert.<\/p>\n<p>Die Ver\u00adord\u00adnungs\u00ader\u00adm\u00e4ch\u00adti\u00adgung umfasst die Befug\u00adnis zur Rege\u00adlung von ver\u00adfah\u00adrens\u00adrecht\u00adli\u00adchen wie auch mate\u00adri\u00adell-recht\u00adli\u00adchen Anfor\u00adde\u00adrun\u00adgen an den Auf\u00adtrags\u00adge\u00adgen\u00adstand. Sie wird um eine neue Num\u00admer 9&nbsp;erwei\u00adtert, wonach von der Rege\u00adlung aus\u00addr\u00fcck\u00adlich auch ver\u00adga\u00adbe\u00adrecht\u00adli\u00adche Vor\u00adga\u00adben an die Beschaf\u00adfung von \u201e<i>kli\u00adma\u00adfreund\u00adli\u00adchen Leis\u00adtun\u00adgen<\/i>\u201c umfasst sind.<span class=\"Apple-converted-space\">&nbsp;<\/span><\/p>\n<p>Kli\u00adma\u00adfreund\u00adli\u00adche Leis\u00adtun\u00adgen sind nach der Begr\u00fcn\u00addung des Refe\u00adren\u00adten\u00adent\u00adwurfs \u201e<i>ins\u00adbe\u00adson\u00adde\u00adre mit gerin\u00adgen Treib\u00adhaus\u00adgas\u00ademis\u00adsio\u00adnen ver\u00adbun\u00adden<\/i>\u201c, wobei sich die Kli\u00adma\u00adfreund\u00adlich\u00adkeit auf die Treib\u00adhaus\u00adgas\u00ademis\u00adsio\u00adnen sowohl in der Nut\u00adzungs- als auch in der Her\u00adstel\u00adlungs\u00adpha\u00adse bezie\u00adhen kann. Erst durch die\u00adse Klar\u00adstel\u00adlung wird deut\u00adlich, dass von der Erm\u00e4ch\u00adti\u00adgung s\u00e4mt\u00adli\u00adche Leis\u00adtun\u00adgen erfasst sind, die die Lie\u00adfe\u00adrung von Waren, die Aus\u00adf\u00fch\u00adrung von Bau\u00adleis\u00adtun\u00adgen oder die Erbrin\u00adgung von Dienst\u00adleis\u00adtun\u00adgen zum Gegen\u00adstand haben, also sol\u00adche im Sin\u00adne des \u00a7&nbsp;103 Abs. 1&nbsp;GWB. W\u00fcn\u00adschens\u00adwert w\u00e4re an die\u00adser Stel\u00adle eine ein\u00addeu\u00adti\u00adge\u00adre For\u00admu\u00adlie\u00adrung und umfas\u00adsen\u00adde\u00adre Kon\u00adkre\u00adti\u00adsie\u00adrung gewe\u00adsen, die ver\u00addeut\u00adlicht, dass s\u00e4mt\u00adli\u00adche Waren und G\u00fcter, auch unter Ein\u00adsatz von Rezy\u00adkla\u00adten, wie auch Infra\u00adstruk\u00adtur von der Rege\u00adlung umfasst sind. Als Anwen\u00addungs\u00adbei\u00adspiel wird im Refe\u00adren\u00adten\u00adent\u00adwurf ein\u00adlei\u00adtend zwar benannt, dass durch die Rege\u00adlung zur Ver\u00adord\u00adnungs\u00ader\u00adm\u00e4ch\u00adti\u00adgung die Inves\u00adti\u00adti\u00adons\u00adsi\u00adcher\u00adheit von Unter\u00adneh\u00admen gest\u00e4rkt wird, die \u201e<i>kli\u00adma\u00adfreund\u00adli\u00adche Leis\u00adtun\u00adgen, etwa von Stahl und Zement, anbie\u00adten<\/i>\u201c. Nach all\u00adge\u00admei\u00adnem, nicht-juris\u00adti\u00adschem Sprach\u00adver\u00adst\u00e4nd\u00adnis, ins\u00adbe\u00adson\u00adde\u00adre im Hin\u00adblick auf den Begriff \u201e<i>Leis\u00adtung<\/i>\u201c, wirkt die Rege\u00adlung indes weni\u00adger offen und allumfassend.<\/p>\n<p>Der Refe\u00adren\u00adten\u00adent\u00adwurf stellt klar, dass die Vor\u00adga\u00adben Anfor\u00adde\u00adrun\u00adgen an den Auf\u00adtrags\u00adge\u00adgen\u00adstand oder an das Ver\u00adga\u00adbe\u00adver\u00adfah\u00adren sein k\u00f6n\u00adnen, ins\u00adbe\u00adson\u00adde\u00adre auch Anfor\u00adde\u00adrun\u00adgen an die Unter\u00adneh\u00admen und deren Nach\u00adwei\u00adse, etwa durch bestimm\u00adte Kenn\u00adzeich\u00adnungs\u00adsys\u00adte\u00adme. Die Erm\u00e4ch\u00adti\u00adgung umfasst daher ins\u00adbe\u00adson\u00adde\u00adre Rege\u00adlun\u00adgen zu ver\u00adpflich\u00adten\u00adden Anfor\u00adde\u00adrun\u00adgen f\u00fcr die Beschaf\u00adfun\u00adgen kli\u00adma\u00adfreund\u00adli\u00adcher Leis\u00adtun\u00adgen durch Zuschlags\u00adkri\u00adte\u00adri\u00aden, den Inhalt der Leis\u00adtungs\u00adbe\u00adschrei\u00adbung oder Aus\u00adf\u00fch\u00adrungs\u00adbe\u00addin\u00adgun\u00adgen. Das Gesetz soll ins\u00adge\u00adsamt das nach\u00adhal\u00adti\u00adge Wirt\u00adschaf\u00adten st\u00e4r\u00adken, zum Errei\u00adchen der Kli\u00adma\u00adzie\u00adle Deutsch\u00adlands bei\u00adtra\u00adgen und steht im Ein\u00adklang mit der Deut\u00adschen Nach\u00adhal\u00adtig\u00adkeits\u00adstra\u00adte\u00adgie der Bun\u00addes\u00adre\u00adgie\u00adrung, die der Umset\u00adzung der Agen\u00adda 2030 der Ver\u00adein\u00adten Natio\u00adnen&nbsp;dient.<\/p>\n<p>Das The\u00adma Nach\u00adhal\u00adtig\u00adkeit und die Eta\u00adblie\u00adrung gr\u00fc\u00adner Leit\u00adm\u00e4rk\u00adte r\u00fccken somit zwar wei\u00adter in den Vor\u00adder\u00adgrund, \u00fcber\u00adra\u00adschend ist aber, dass der urspr\u00fcng\u00adlich vor\u00adge\u00adse\u00adhe\u00adne \u00a7&nbsp;120a GWB\u2011E nun\u00admehr ersatz\u00adlos gestri\u00adchen wer\u00adden soll. Sinn\u00advoll am urspr\u00fcng\u00adlich vor\u00adge\u00adse\u00adhe\u00adnen \u00a7&nbsp;120a GWB\u2011E war vor allem, dass \u00f6ffent\u00adli\u00adche Auf\u00adtrag\u00adge\u00adber ver\u00adpflich\u00adtet wer\u00adden soll\u00adten, min\u00addes\u00adtens ein sozia\u00adles oder ein umwelt\u00adbe\u00adzo\u00adge\u00adnes Kri\u00adte\u00adri\u00adum bei Ver\u00adga\u00adben vor\u00adnehm\u00adlich in der Leis\u00adtungs\u00adbe\u00adschrei\u00adbung, in der Regel durch Min\u00addest\u00adan\u00adfor\u00adde\u00adrun\u00adgen, zu ber\u00fcck\u00adsich\u00adti\u00adgen. Als Umwelt\u00adkri\u00adte\u00adri\u00adum kam dabei unter ande\u00adrem der Ein\u00adsatz von Abf\u00e4l\u00adlen oder Rezy\u00adkla\u00adten in Betracht. Eini\u00adge Kri\u00adte\u00adri\u00aden stamm\u00adten aus\u00adweis\u00adlich der Geset\u00adzes\u00adbe\u00adgr\u00fcn\u00addung aus\u00addr\u00fcck\u00adlich aus \u00a7&nbsp;45 Abs. 2&nbsp;KrWG. Damit w\u00e4ren auch Kom\u00admu\u00adnen und L\u00e4n\u00adder als \u00f6ffent\u00adli\u00adche Auf\u00adtrag\u00adge\u00adber nach \u00a7&nbsp;45 Abs. 2&nbsp;KrWG ver\u00adpflich\u00adtet gewe\u00adsen. W\u00fcn\u00adschens\u00adwert f\u00fcr das wei\u00adte\u00adre Gesetz\u00adge\u00adbungs\u00adver\u00adfah\u00adren w\u00e4re es, wenn in die Geset\u00adzes\u00adbe\u00adgr\u00fcn\u00addung f\u00fcr die neue Ver\u00adord\u00adnungs\u00ader\u00adm\u00e4ch\u00adti\u00adgung zur n\u00e4he\u00adren Kon\u00adkre\u00adti\u00adsie\u00adrung der \u201e<i>Beschaf\u00adfung von kli\u00adma\u00adfreund\u00adli\u00adchen Leis\u00adtun\u00adgen<\/i>\u201c ein Bezug zu \u00a7&nbsp;45 Abs. 2&nbsp;KrWG auf\u00adge\u00adnom\u00admen&nbsp;wird.<\/p>\n<p>Die neue Ver\u00adord\u00adnungs\u00ader\u00adm\u00e4ch\u00adti\u00adgung in \u00a7&nbsp;113 Abs. 1&nbsp;Nr. 9&nbsp;GWB\u2011E muss \u2013 im Ver\u00adgleich zu der fest\u00adge\u00adschrie\u00adbe\u00adnen Ber\u00fcck\u00adsich\u00adti\u00adgung sozia\u00adler und umwelt\u00adbe\u00adzo\u00adge\u00adner Kri\u00adte\u00adri\u00aden bei der Ver\u00adga\u00adbe \u00f6ffent\u00adli\u00adcher Auf\u00adtr\u00e4\u00adge in \u00a7&nbsp;120a GWB\u2011E \u2013 als R\u00fcck\u00adschritt im Hin\u00adblick auf nach\u00adhal\u00adti\u00adge Beschaf\u00adfung gewer\u00adtet wer\u00adden. Um die \u00f6ffent\u00adli\u00adche Ver\u00adga\u00adbe\u00adpra\u00adxis ma\u00df\u00adgeb\u00adlich zu ver\u00ad\u00e4n\u00addern, muss Nach\u00adhal\u00adtig\u00adkeit jetzt zu einem \u201eSoll\u201c und lang\u00adfris\u00adtig zu einem \u201eMuss\u201c wer\u00adden. Ob der Ver\u00adord\u00adnungs\u00adge\u00adber tat\u00ads\u00e4ch\u00adlich in einem dem \u00a7&nbsp;120a GWB\u2011E ent\u00adspre\u00adchen\u00adden Umfang von sei\u00adner Erm\u00e4ch\u00adti\u00adgung Gebrauch macht, bleibt abzuwarten.<\/p>\n<p><b>Kei\u00adne auf\u00adschie\u00adben\u00adde Wir\u00adkung der sofor\u00adti\u00adgen Beschwerde<\/b><b><\/b><\/p>\n<p>Die wohl bedeu\u00adtends\u00adte \u00c4nde\u00adrung im Ent\u00adwurf des Ver\u00adga\u00adbe\u00adbe\u00adschleu\u00adni\u00adgungs\u00adge\u00adset\u00adzes ist, dass bei Ableh\u00adnung eines Nach\u00adpr\u00fc\u00adfungs\u00adan\u00adtrags durch die Ver\u00adga\u00adbe\u00adkam\u00admer eine hier\u00adge\u00adgen gerich\u00adte\u00adte sofor\u00adti\u00adge Beschwer\u00adde k\u00fcnf\u00adtig kei\u00adne auf\u00adschie\u00adben\u00adde Wir\u00adkung nach \u00a7&nbsp;173 GWB\u2011E mehr ent\u00adfal\u00adten&nbsp;soll.<\/p>\n<p>Dies h\u00e4t\u00adte zur Fol\u00adge, dass der Auf\u00adtrag\u00adge\u00adber den Zuschlag unmit\u00adtel\u00adbar nach der ableh\u00adnen\u00adden Ent\u00adschei\u00addung der Ver\u00adga\u00adbe\u00adkam\u00admer ertei\u00adlen kann. Nach aktu\u00adel\u00adler Rechts\u00adla\u00adge ent\u00adf\u00e4llt die auf\u00adschie\u00adben\u00adde Wir\u00adkung in die\u00adser Kon\u00adstel\u00adla\u00adti\u00adon erst zwei Wochen nach Ablauf der Beschwer\u00adde\u00adfrist und kann auf Antrag durch das Beschwer\u00adde\u00adge\u00adricht ver\u00adl\u00e4n\u00adgert wer\u00adden. In der Pra\u00adxis wird ein sol\u00adcher Ver\u00adl\u00e4n\u00adge\u00adrungs\u00adan\u00adtrag regel\u00adm\u00e4\u00ad\u00dfig gestellt und hat h\u00e4u\u00adfig Erfolg.<\/p>\n<p>Durch die \u00c4nde\u00adrung wird zwar zwei\u00adfels\u00adoh\u00adne eine Beschleu\u00adni\u00adgung des Ver\u00adga\u00adbe\u00adver\u00adfah\u00adrens erreicht. Aber die Bie\u00adter, die vor der Ver\u00adga\u00adbe\u00adkam\u00admer unter\u00adlie\u00adgen, sind nun\u00admehr fak\u00adtisch auf Sekun\u00add\u00e4r\u00adan\u00adspr\u00fc\u00adche beschr\u00e4nkt, wenn sie vor den Ober\u00adlan\u00addes\u00adge\u00adrich\u00adten obsie\u00adgen, denn die\u00adse tref\u00adfen dann nur noch Fest\u00adstel\u00adlungs\u00adent\u00adschei\u00addun\u00adgen. Sekun\u00add\u00e4r\u00adrechts\u00adschutz wird aber in den meis\u00adten F\u00e4l\u00adlen den Inter\u00ades\u00adsen der Betrof\u00adfe\u00adnen nicht gerecht und wird in der Pra\u00adxis oft\u00admals gar nicht gel\u00adtend gemacht.<\/p>\n<p>Der Pri\u00adm\u00e4r\u00adrechts\u00adschutz wird bei Unter\u00adlie\u00adgen des antrag\u00adstel\u00adlen\u00adden Bie\u00adters auf eine Instanz vor der Ver\u00adga\u00adbe\u00adkam\u00admer begrenzt, die kein ordent\u00adli\u00adches Gericht dar\u00adstellt. Inso\u00adfern bestehen au\u00dfer\u00ador\u00addent\u00adli\u00adche Beden\u00adken, ob die\u00adse erheb\u00adli\u00adche Ein\u00adschr\u00e4n\u00adkung des Pri\u00adm\u00e4r\u00adrechts\u00adschut\u00adzes den Anfor\u00adde\u00adrun\u00adgen des Art.&nbsp;2&nbsp;Abs. 9&nbsp;der Nach\u00adpr\u00fc\u00adfungs\u00adricht\u00adli\u00adnie (89\/665\/EWG) und dem grund\u00adge\u00adsetz\u00adlich ver\u00adan\u00adker\u00adten Gebot des effek\u00adti\u00adven Rechts\u00adschut\u00adzes nach Art.&nbsp;19 Abs. 4&nbsp;GG gen\u00fcgt. Das ver\u00adga\u00adbe\u00adrecht\u00adli\u00adche Rechts\u00adschutz\u00adsys\u00adtem ist bis\u00adher ma\u00df\u00adgeb\u00adlich dar\u00adauf aus\u00adge\u00adlegt, dass sich Unter\u00adneh\u00admen im Wege des Pri\u00adm\u00e4r\u00adrechts\u00adschut\u00adzes gegen einen erheb\u00adli\u00adchen Ver\u00adga\u00adbe\u00adrechts\u00adver\u00adsto\u00df vor einem Gericht weh\u00adren k\u00f6n\u00adnen. Die nun\u00admehr vor\u00adge\u00adse\u00adhe\u00adne Ein\u00adschr\u00e4n\u00adkung die\u00adses Rechts\u00adschut\u00adzes ist nicht hin\u00adnehm\u00adbar. Sekun\u00add\u00e4r\u00adrechts\u00adschutz kann in den wenigs\u00adten F\u00e4l\u00adlen den Zuschlag kom\u00adpen\u00adsie\u00adren. Unter\u00adle\u00adge\u00adnen oder aus\u00adge\u00adschlos\u00adse\u00adnen Bie\u00adtern, die Rechts\u00adschutz vor der Ver\u00adga\u00adbe\u00adkam\u00admer suchen, geht es in der Regel nicht um Scha\u00addens\u00ader\u00adsatz, son\u00addern um die Durch\u00adf\u00fch\u00adrung des \u00f6ffent\u00adli\u00adchen Auf\u00adtrags selbst, sei es als Refe\u00adrenz f\u00fcr k\u00fcnf\u00adti\u00adge Pro\u00adjek\u00adte oder um sich als New\u00adco\u00admer oder Start-up-Unter\u00adneh\u00admen auf dem Markt und im Wett\u00adbe\u00adwerb zu eta\u00adblie\u00adren. Auch grenz\u00ad\u00fcber\u00adschrei\u00adten\u00adde Betei\u00adli\u00adgun\u00adgen an Ver\u00adga\u00adbe\u00adver\u00adfah\u00adren wer\u00adden durch die Ein\u00adschr\u00e4n\u00adkung des Bie\u00adter\u00adrechts\u00adschut\u00adzes weni\u00adger attraktiv.<\/p>\n<p><b>Fazit<\/b><b><\/b><\/p>\n<p>Die mit dem Geset\u00adzes\u00adent\u00adwurf ange\u00adstreb\u00adte Reform des Ver\u00adga\u00adbe\u00adrechts ist ins\u00adbe\u00adson\u00adde\u00adre im Hin\u00adblick auf eine effi\u00adzi\u00aden\u00adte\u00adre Beschaf\u00adfung voll\u00adum\u00adf\u00e4ng\u00adlich zu begr\u00fc\u00ad\u00dfen. Vie\u00adle Aspek\u00adte des Ent\u00adwurfs las\u00adsen des\u00adsen Ziel, den \u00f6ffent\u00adli\u00adchen Beschaf\u00adfungs\u00adpro\u00adzess zu ver\u00adein\u00adfa\u00adchen, zu fle\u00adxi\u00adbi\u00adli\u00adsie\u00adren und zu beschleu\u00adni\u00adgen, deut\u00adlich erken\u00adnen und sind aus\u00addr\u00fcck\u00adlich zu begr\u00fc\u00dfen.<\/p>\n<p>Gro\u00ad\u00dfe Beden\u00adken bestehen aller\u00addings im Hin\u00adblick auf die vor\u00adge\u00adse\u00adhe\u00adne Ein\u00adschr\u00e4n\u00adkung des Rechts\u00adschut\u00adzes. Die\u00adse wird weder den Zie\u00adlen des Geset\u00adzes\u00adent\u00adwurfs gerecht, noch steht sie im Ein\u00adklang mit der Ver\u00adpflich\u00adtung zur Gew\u00e4h\u00adrung effek\u00adti\u00adven Rechtsschutzes.<\/p>\n<p>Das Gesetz soll vom Bun\u00addes\u00adka\u00adbi\u00adnett am 6. August 2025 beschlos\u00adsen werden.<\/p>\n<\/div>\n\n\n\n\n\t\t<\/div> \n\t<\/div>\n\t<\/div> \n<\/div><\/div>\n\t\t\t<\/div> \n\t\t<\/div>\n\t<\/div> \n<\/div><\/div>\n\t\t<div id=\"fws_69f5353123e5e\" data-column-margin=\"default\" data-midnight=\"dark\" class=\"wpb_row vc_row-fluid vc_row full-width-section\" style=\"padding-top: 30px; padding-bottom: 0px; \"><div class=\"row-bg-wrap\" data-bg-animation=\"none\" data-bg-animation-delay data-bg-overlay=\"false\"><div class=\"inner-wrap row-bg-layer\"><div class=\"row-bg viewport-desktop\" style><\/div><\/div><\/div><div class=\"row_col_wrap_12 col span_12 dark left\">\n\t<div style=\" color: #000000;\" class=\"vc_col-sm-12 wpb_column column_container vc_column_container col no-extra-padding inherit_tablet inherit_phone\" data-cfc=\"true\" data-padding-pos=\"bottom\" data-has-bg-color=\"false\" data-bg-color data-bg-opacity=\"1\" data-animation data-delay=\"0\">\n\t\t<div class=\"vc_column-inner\">\n\t\t\t<div class=\"wpb_wrapper\">\n\t\t\t\t<div id=\"fws_69f5353123f38\" data-midnight data-column-margin=\"default\" class=\"wpb_row vc_row-fluid vc_row inner_row\" style><div class=\"row-bg-wrap\"> <div class=\"row-bg\"><\/div> <\/div><div class=\"row_col_wrap_12_inner col span_12  left\">\n\t<div class=\"vc_col-sm-12 wpb_column column_container vc_column_container col child_column no-extra-padding inherit_tablet inherit_phone\" data-padding-pos=\"all\" data-has-bg-color=\"false\" data-bg-color data-bg-opacity=\"1\" data-animation data-delay=\"0\">\n\t\t<div class=\"vc_column-inner\">\n\t\t<div class=\"wpb_wrapper\">\n\t\t\t\n<div class=\"wpb_text_column wpb_content_element\">\n\t<p><span style=\"color: #000000;\">okl &amp;&nbsp;partner<br>\nRechts\u00adan\u00adw\u00e4l\u00adte PartG&nbsp;mbB<br>\n<\/span><\/p>\n<\/div>\n\n\n\n\n\t\t<\/div> \n\t<\/div>\n\t<\/div> \n<\/div><\/div><div id=\"fws_69f5353124044\" data-midnight data-column-margin=\"default\" class=\"wpb_row vc_row-fluid vc_row inner_row\" style><div class=\"row-bg-wrap\"> <div class=\"row-bg\"><\/div> <\/div><div class=\"row_col_wrap_12_inner col span_12  left\">\n\t<div class=\"vc_col-sm-6 wpb_column column_container vc_column_container col child_column no-extra-padding inherit_tablet inherit_phone\" data-padding-pos=\"all\" data-has-bg-color=\"false\" data-bg-color data-bg-opacity=\"1\" data-animation data-delay=\"0\">\n\t\t<div class=\"vc_column-inner\">\n\t\t<div class=\"wpb_wrapper\">\n\t\t\t\n<div class=\"wpb_text_column wpb_content_element\">\n\t<p><span style=\"color: #000000;\">B\u00fcro K\u00f6ln<br>\nVon-Werth-Stra\u00ad\u00dfe 2 | 50670&nbsp;K\u00f6ln<br>\nT: +49 (0) 221 | 42 07&nbsp;280<br>\nkoeln@oklp.de<br>\n<\/span><\/p>\n<\/div>\n\n\n\n\n\t\t<\/div> \n\t<\/div>\n\t<\/div> \n\n\t<div class=\"vc_col-sm-6 wpb_column column_container vc_column_container col child_column no-extra-padding inherit_tablet inherit_phone\" data-padding-pos=\"all\" data-has-bg-color=\"false\" data-bg-color data-bg-opacity=\"1\" data-animation data-delay=\"0\">\n\t\t<div class=\"vc_column-inner\">\n\t\t<div class=\"wpb_wrapper\">\n\t\t\t\n<div class=\"wpb_text_column wpb_content_element\">\n\t<p><span style=\"color: #000000;\">B\u00fcro Ber\u00adlin<br>\nJ\u00e4ger\u00adstra\u00ad\u00dfe 54\u200a\u2013\u200a55 | 10117 Berlin<br>\nT: +49 (0) 30 | 800 98&nbsp;2553<br>\nberlin@oklp.de<br>\n<\/span><\/p>\n<\/div>\n\n\n\n\n\t\t<\/div> \n\t<\/div>\n\t<\/div> \n<\/div><\/div>\n\t\t\t<\/div> \n\t\t<\/div>\n\t<\/div> \n<\/div><\/div>\n\t\t<div id=\"fws_69f535312423a\" data-column-margin=\"default\" data-midnight=\"dark\" class=\"wpb_row vc_row-fluid vc_row\" style=\"padding-top: 35px; padding-bottom: 10px; \"><div class=\"row-bg-wrap\" data-bg-animation=\"none\" data-bg-animation-delay data-bg-overlay=\"false\"><div class=\"inner-wrap row-bg-layer\"><div class=\"row-bg viewport-desktop\" style><\/div><\/div><\/div><div class=\"row_col_wrap_12 col span_12 dark left\">\n\t<div class=\"vc_col-sm-6 wpb_column column_container vc_column_container col no-extra-padding inherit_tablet inherit_phone\" data-padding-pos=\"all\" data-has-bg-color=\"false\" data-bg-color data-bg-opacity=\"1\" data-animation data-delay=\"0\">\n\t\t<div class=\"vc_column-inner\">\n\t\t\t<div class=\"wpb_wrapper\">\n\t\t\t\t<a class=\"nectar-button small regular accent-color  regular-button\" role=\"button\" style href=\"https:\/\/oklp.de\/wp-content\/uploads\/2025\/08\/Mandanteninformation_12_25-1.pdf\" data-color-override=\"false\" data-hover-color-override=\"false\" data-hover-text-color-override=\"#fff\"><span>PDF-Down\u00adload<\/span><\/a>\n\t\t\t<\/div> \n\t\t<\/div>\n\t<\/div> \n\n\t<div class=\"vc_col-sm-6 wpb_column column_container vc_column_container col no-extra-padding inherit_tablet inherit_phone\" data-padding-pos=\"all\" data-has-bg-color=\"false\" data-bg-color data-bg-opacity=\"1\" data-animation data-delay=\"0\">\n\t\t<div class=\"vc_column-inner\">\n\t\t\t<div class=\"wpb_wrapper\">\n\t\t\t\t\n\t\t\t<\/div> \n\t\t<\/div>\n\t<\/div> \n<\/div><\/div>\n\t\t<div id=\"fws_69f53531244cf\" data-column-margin=\"default\" data-midnight=\"dark\" class=\"wpb_row vc_row-fluid vc_row\" style=\"padding-top: 0px; padding-bottom: 0px; \"><div class=\"row-bg-wrap\" data-bg-animation=\"none\" data-bg-animation-delay data-bg-overlay=\"false\"><div class=\"inner-wrap row-bg-layer\"><div class=\"row-bg viewport-desktop\" style><\/div><\/div><\/div><div class=\"row_col_wrap_12 col span_12 dark left\">\n\t<div class=\"vc_col-sm-12 wpb_column column_container vc_column_container col centered-text no-extra-padding inherit_tablet inherit_phone\" data-padding-pos=\"all\" data-has-bg-color=\"false\" data-bg-color data-bg-opacity=\"1\" data-animation data-delay=\"0\">\n\t\t<div class=\"vc_column-inner\">\n\t\t\t<div class=\"wpb_wrapper\">\n\t\t\t\t<div class=\"nectar-cta  alignment_tablet_default alignment_phone_default display_tablet_inherit display_phone_inherit\" data-color=\"default\" data-using-bg=\"false\" data-style=\"see-through\" data-display=\"block\" data-alignment=\"center\" data-text-color=\"std\" style=\"--nectar-button-color: var(--nectar-default); --nectar-icon-gap: 10px; \"><h6> <span class=\"text\"> <\/span><span class=\"link_wrap\"><a class=\"link_text\" role=\"button\" href=\"\/category\/news\/\"><span class=\"arrow\"><\/span><\/a><\/span><\/h6><\/div>\n\t\t\t<\/div> \n\t\t<\/div>\n\t<\/div> \n<\/div><\/div>","protected":false},"excerpt":{"rendered":"Man\u00addan\u00adten\u00adin\u00adfor\u00adma\u00adti\u00adon 12\/2025 Das Bun\u00addes\u00admi\u00adnis\u00adte\u00adri\u00adum f\u00fcr Wirt\u00adschaft und Ener\u00adgie (BMWE) hat die fina\u00adle Fas\u00adsung des Ent\u00adwurfs eines Geset\u00adzes zur Beschleu\u00adni\u00adgung der Ver\u00adga\u00adbe \u00f6ffent\u00adli\u00adcher Auf\u00adtr\u00e4\u00adge (sog. Ver\u00adga\u00adbe\u00adbe\u00adschleu\u00adni\u00adgungs\u00adge\u00adsetz) vor\u00adge\u00adlegt und die ein\u00adschl\u00e4\u00adgi\u00adgen Verb\u00e4nde\u2026","protected":false},"author":1,"featured_media":0,"comment_status":"closed","ping_status":"closed","sticky":false,"template":"","format":"standard","meta":{"wp_typography_post_enhancements_disabled":false,"footnotes":""},"categories":[34],"tags":[],"class_list":{"0":"post-2485","1":"post","2":"type-post","3":"status-publish","4":"format-standard","6":"category-vergabe"},"yoast_head":"<!-- This site is optimized with the Yoast SEO plugin v27.5 - https:\/\/yoast.com\/product\/yoast-seo-wordpress\/ -->\n<title>Entwurf eines Gesetzes zur Beschleunigung der Vergabe \u00f6ffentlicher Auftr\u00e4ge \u2013 Zweiter Anlauf f\u00fcr Neuerungen im Vergaberecht oberhalb der EU-Schwellenwerte - okl &amp; partner Rechtsanw\u00e4lte PartG mbB<\/title>\n<meta name=\"description\" content=\"Das Bundesministerium f\u00fcr Wirtschaft und Energie (BMWE) hat die finale Fassung des Entwurfs eines Gesetzes zur Beschleunigung der Vergabe \u00f6ffentlicher Auftr\u00e4ge (sog. Vergabebeschleunigungsgesetz) vorgelegt und die einschl\u00e4gigen Verb\u00e4nde um Stellungnahme ersucht. Der Referentenentwurf basiert auf solchen Ma\u00dfnahmen des angesto\u00dfenen, aber nicht verabschiedeten Gesetzentwurfs zur Vergaberechtsreform aus der letzten Legislaturperiode, die mit der Zielsetzung des jetzigen Koalitionsvertrags vereinbar sind.\" \/>\n<meta name=\"robots\" content=\"index, follow, max-snippet:-1, max-image-preview:large, max-video-preview:-1\" \/>\n<link rel=\"canonical\" href=\"https:\/\/oklp.de\/en\/2025\/08\/entwurf-eines-gesetzes-zur-beschleunigung-der-vergabe-oeffentlicher-auftraege-zweiter-anlauf-fuer-neuerungen-im-vergaberecht-oberhalb-der-eu-schwellenwerte\/\" \/>\n<meta property=\"og:locale\" content=\"en_US\" \/>\n<meta property=\"og:type\" content=\"article\" \/>\n<meta property=\"og:title\" content=\"Entwurf eines Gesetzes zur Beschleunigung der Vergabe \u00f6ffentlicher Auftr\u00e4ge \u2013 Zweiter Anlauf f\u00fcr Neuerungen im Vergaberecht oberhalb der EU-Schwellenwerte - okl &amp; partner Rechtsanw\u00e4lte PartG mbB\" \/>\n<meta property=\"og:description\" content=\"Das Bundesministerium f\u00fcr Wirtschaft und Energie (BMWE) hat die finale Fassung des Entwurfs eines Gesetzes zur Beschleunigung der Vergabe \u00f6ffentlicher Auftr\u00e4ge (sog. Vergabebeschleunigungsgesetz) vorgelegt und die einschl\u00e4gigen Verb\u00e4nde um Stellungnahme ersucht. Der Referentenentwurf basiert auf solchen Ma\u00dfnahmen des angesto\u00dfenen, aber nicht verabschiedeten Gesetzentwurfs zur Vergaberechtsreform aus der letzten Legislaturperiode, die mit der Zielsetzung des jetzigen Koalitionsvertrags vereinbar sind.\" \/>\n<meta property=\"og:url\" content=\"https:\/\/oklp.de\/en\/2025\/08\/entwurf-eines-gesetzes-zur-beschleunigung-der-vergabe-oeffentlicher-auftraege-zweiter-anlauf-fuer-neuerungen-im-vergaberecht-oberhalb-der-eu-schwellenwerte\/\" \/>\n<meta property=\"og:site_name\" content=\"okl &amp; partner Rechtsanw\u00e4lte PartG mbB\" \/>\n<meta property=\"article:published_time\" content=\"2025-08-04T12:58:05+00:00\" \/>\n<meta property=\"article:modified_time\" content=\"2025-08-04T12:59:53+00:00\" \/>\n<meta name=\"author\" content=\"navigator2022\" \/>\n<meta name=\"twitter:card\" content=\"summary_large_image\" \/>\n<meta name=\"twitter:label1\" content=\"Written by\" \/>\n\t<meta name=\"twitter:data1\" content=\"navigator2022\" \/>\n\t<meta name=\"twitter:label2\" content=\"Est. reading time\" \/>\n\t<meta name=\"twitter:data2\" content=\"9 minutes\" \/>\n<script type=\"application\/ld+json\" class=\"yoast-schema-graph\">{\"@context\":\"https:\\\/\\\/schema.org\",\"@graph\":[{\"@type\":\"Article\",\"@id\":\"https:\\\/\\\/oklp.de\\\/2025\\\/08\\\/entwurf-eines-gesetzes-zur-beschleunigung-der-vergabe-oeffentlicher-auftraege-zweiter-anlauf-fuer-neuerungen-im-vergaberecht-oberhalb-der-eu-schwellenwerte\\\/#article\",\"isPartOf\":{\"@id\":\"https:\\\/\\\/oklp.de\\\/2025\\\/08\\\/entwurf-eines-gesetzes-zur-beschleunigung-der-vergabe-oeffentlicher-auftraege-zweiter-anlauf-fuer-neuerungen-im-vergaberecht-oberhalb-der-eu-schwellenwerte\\\/\"},\"author\":{\"name\":\"navigator2022\",\"@id\":\"https:\\\/\\\/oklp.de\\\/#\\\/schema\\\/person\\\/d5d0f95ca69ada807fd3ae7fdcfe8e0c\"},\"headline\":\"Entwurf eines Gesetzes zur Beschleunigung der Vergabe \u00f6ffentlicher Auftr\u00e4ge \u2013 Zweiter Anlauf f\u00fcr Neuerungen im Vergaberecht oberhalb der EU-Schwellenwerte\",\"datePublished\":\"2025-08-04T12:58:05+00:00\",\"dateModified\":\"2025-08-04T12:59:53+00:00\",\"mainEntityOfPage\":{\"@id\":\"https:\\\/\\\/oklp.de\\\/2025\\\/08\\\/entwurf-eines-gesetzes-zur-beschleunigung-der-vergabe-oeffentlicher-auftraege-zweiter-anlauf-fuer-neuerungen-im-vergaberecht-oberhalb-der-eu-schwellenwerte\\\/\"},\"wordCount\":3654,\"publisher\":{\"@id\":\"https:\\\/\\\/oklp.de\\\/#organization\"},\"articleSection\":[\"VERGABE\"],\"inLanguage\":\"en-US\"},{\"@type\":\"WebPage\",\"@id\":\"https:\\\/\\\/oklp.de\\\/2025\\\/08\\\/entwurf-eines-gesetzes-zur-beschleunigung-der-vergabe-oeffentlicher-auftraege-zweiter-anlauf-fuer-neuerungen-im-vergaberecht-oberhalb-der-eu-schwellenwerte\\\/\",\"url\":\"https:\\\/\\\/oklp.de\\\/2025\\\/08\\\/entwurf-eines-gesetzes-zur-beschleunigung-der-vergabe-oeffentlicher-auftraege-zweiter-anlauf-fuer-neuerungen-im-vergaberecht-oberhalb-der-eu-schwellenwerte\\\/\",\"name\":\"Entwurf eines Gesetzes zur Beschleunigung der Vergabe \u00f6ffentlicher Auftr\u00e4ge \u2013 Zweiter Anlauf f\u00fcr Neuerungen im Vergaberecht oberhalb der EU-Schwellenwerte - okl &amp; partner Rechtsanw\u00e4lte PartG mbB\",\"isPartOf\":{\"@id\":\"https:\\\/\\\/oklp.de\\\/#website\"},\"datePublished\":\"2025-08-04T12:58:05+00:00\",\"dateModified\":\"2025-08-04T12:59:53+00:00\",\"description\":\"Das Bundesministerium f\u00fcr Wirtschaft und Energie (BMWE) hat die finale Fassung des Entwurfs eines Gesetzes zur Beschleunigung der Vergabe \u00f6ffentlicher Auftr\u00e4ge (sog. Vergabebeschleunigungsgesetz) vorgelegt und die einschl\u00e4gigen Verb\u00e4nde um Stellungnahme ersucht. Der Referentenentwurf basiert auf solchen Ma\u00dfnahmen des angesto\u00dfenen, aber nicht verabschiedeten Gesetzentwurfs zur Vergaberechtsreform aus der letzten Legislaturperiode, die mit der Zielsetzung des jetzigen Koalitionsvertrags vereinbar sind.\",\"breadcrumb\":{\"@id\":\"https:\\\/\\\/oklp.de\\\/2025\\\/08\\\/entwurf-eines-gesetzes-zur-beschleunigung-der-vergabe-oeffentlicher-auftraege-zweiter-anlauf-fuer-neuerungen-im-vergaberecht-oberhalb-der-eu-schwellenwerte\\\/#breadcrumb\"},\"inLanguage\":\"en-US\",\"potentialAction\":[{\"@type\":\"ReadAction\",\"target\":[\"https:\\\/\\\/oklp.de\\\/2025\\\/08\\\/entwurf-eines-gesetzes-zur-beschleunigung-der-vergabe-oeffentlicher-auftraege-zweiter-anlauf-fuer-neuerungen-im-vergaberecht-oberhalb-der-eu-schwellenwerte\\\/\"]}]},{\"@type\":\"BreadcrumbList\",\"@id\":\"https:\\\/\\\/oklp.de\\\/2025\\\/08\\\/entwurf-eines-gesetzes-zur-beschleunigung-der-vergabe-oeffentlicher-auftraege-zweiter-anlauf-fuer-neuerungen-im-vergaberecht-oberhalb-der-eu-schwellenwerte\\\/#breadcrumb\",\"itemListElement\":[{\"@type\":\"ListItem\",\"position\":1,\"name\":\"Home\",\"item\":\"https:\\\/\\\/oklp.de\\\/\"},{\"@type\":\"ListItem\",\"position\":2,\"name\":\"Entwurf eines Gesetzes zur Beschleunigung der Vergabe \u00f6ffentlicher Auftr\u00e4ge \u2013 Zweiter Anlauf f\u00fcr Neuerungen im Vergaberecht oberhalb der EU-Schwellenwerte\"}]},{\"@type\":\"WebSite\",\"@id\":\"https:\\\/\\\/oklp.de\\\/#website\",\"url\":\"https:\\\/\\\/oklp.de\\\/\",\"name\":\"okl &amp; partner Rechtsanw\u00e4lte PartG mbB\",\"description\":\"\",\"publisher\":{\"@id\":\"https:\\\/\\\/oklp.de\\\/#organization\"},\"potentialAction\":[{\"@type\":\"SearchAction\",\"target\":{\"@type\":\"EntryPoint\",\"urlTemplate\":\"https:\\\/\\\/oklp.de\\\/?s={search_term_string}\"},\"query-input\":{\"@type\":\"PropertyValueSpecification\",\"valueRequired\":true,\"valueName\":\"search_term_string\"}}],\"inLanguage\":\"en-US\"},{\"@type\":\"Organization\",\"@id\":\"https:\\\/\\\/oklp.de\\\/#organization\",\"name\":\"okl & partner Rechtsanw\u00e4lte PartG mbB\",\"url\":\"https:\\\/\\\/oklp.de\\\/\",\"logo\":{\"@type\":\"ImageObject\",\"inLanguage\":\"en-US\",\"@id\":\"https:\\\/\\\/oklp.de\\\/#\\\/schema\\\/logo\\\/image\\\/\",\"url\":\"https:\\\/\\\/oklp.de\\\/wp-content\\\/uploads\\\/2021\\\/12\\\/Prima\u0308r_OKLP_Logo_CMYK-1.png\",\"contentUrl\":\"https:\\\/\\\/oklp.de\\\/wp-content\\\/uploads\\\/2021\\\/12\\\/Prima\u0308r_OKLP_Logo_CMYK-1.png\",\"width\":904,\"height\":286,\"caption\":\"okl & partner Rechtsanw\u00e4lte PartG mbB\"},\"image\":{\"@id\":\"https:\\\/\\\/oklp.de\\\/#\\\/schema\\\/logo\\\/image\\\/\"}},{\"@type\":\"Person\",\"@id\":\"https:\\\/\\\/oklp.de\\\/#\\\/schema\\\/person\\\/d5d0f95ca69ada807fd3ae7fdcfe8e0c\",\"name\":\"navigator2022\",\"sameAs\":[\"https:\\\/\\\/oklp.de\"],\"url\":\"https:\\\/\\\/oklp.de\\\/en\\\/author\\\/navigator2022\\\/\"}]}<\/script>\n<!-- \/ Yoast SEO plugin. -->","yoast_head_json":{"title":"Ent\u00adwurf eines Geset\u00adzes zur Beschleu\u00adni\u00adgung der Ver\u00adga\u00adbe \u00f6ffent\u00adli\u00adcher Auf\u00adtr\u00e4\u00adge \u2013 Zwei\u00adter Anlauf f\u00fcr Neue\u00adrun\u00adgen im Ver\u00adga\u00adbe\u00adrecht ober\u00adhalb der EU-Schwel\u00adlen\u00adwer\u00adte \u2013 okl &amp;&nbsp;part\u00adner Rechts\u00adan\u00adw\u00e4l\u00adte PartG&nbsp;mbB","description":"Das Bun\u00addes\u00admi\u00adnis\u00adte\u00adri\u00adum f\u00fcr Wirt\u00adschaft und Ener\u00adgie (BMWE) hat die fina\u00adle Fas\u00adsung des Ent\u00adwurfs eines Geset\u00adzes zur Beschleu\u00adni\u00adgung der Ver\u00adga\u00adbe \u00f6ffent\u00adli\u00adcher Auf\u00adtr\u00e4\u00adge (sog. Ver\u00adga\u00adbe\u00adbe\u00adschleu\u00adni\u00adgungs\u00adge\u00adsetz) vor\u00adge\u00adlegt und die ein\u00adschl\u00e4\u00adgi\u00adgen Ver\u00adb\u00e4n\u00adde um Stel\u00adlung\u00adnah\u00adme ersucht. Der Refe\u00adren\u00adten\u00adent\u00adwurf basiert auf sol\u00adchen Ma\u00df\u00adnah\u00admen des ange\u00adsto\u00ad\u00dfe\u00adnen, aber nicht ver\u00adab\u00adschie\u00adde\u00adten Gesetz\u00adent\u00adwurfs zur Ver\u00adga\u00adbe\u00adrechts\u00adre\u00adform aus der letz\u00adten Legis\u00adla\u00adtur\u00adpe\u00adri\u00adode, die mit der Ziel\u00adset\u00adzung des jet\u00adzi\u00adgen Koali\u00adti\u00adons\u00adver\u00adtrags ver\u00adein\u00adbar&nbsp;sind.","robots":{"index":"index","follow":"follow","max-snippet":"max-snippet:-1","max-image-preview":"max-image-preview:large","max-video-preview":"max-video-preview:-1"},"canonical":"https:\/\/oklp.de\/en\/2025\/08\/entwurf-eines-gesetzes-zur-beschleunigung-der-vergabe-oeffentlicher-auftraege-zweiter-anlauf-fuer-neuerungen-im-vergaberecht-oberhalb-der-eu-schwellenwerte\/","og_locale":"en_US","og_type":"article","og_title":"Entwurf eines Gesetzes zur Beschleunigung der Vergabe \u00f6ffentlicher Auftr\u00e4ge \u2013 Zweiter Anlauf f\u00fcr Neuerungen im Vergaberecht oberhalb der EU-Schwellenwerte - okl &amp; partner Rechtsanw\u00e4lte PartG mbB","og_description":"Das Bundesministerium f\u00fcr Wirtschaft und Energie (BMWE) hat die finale Fassung des Entwurfs eines Gesetzes zur Beschleunigung der Vergabe \u00f6ffentlicher Auftr\u00e4ge (sog. Vergabebeschleunigungsgesetz) vorgelegt und die einschl\u00e4gigen Verb\u00e4nde um Stellungnahme ersucht. Der Referentenentwurf basiert auf solchen Ma\u00dfnahmen des angesto\u00dfenen, aber nicht verabschiedeten Gesetzentwurfs zur Vergaberechtsreform aus der letzten Legislaturperiode, die mit der Zielsetzung des jetzigen Koalitionsvertrags vereinbar sind.","og_url":"https:\/\/oklp.de\/en\/2025\/08\/entwurf-eines-gesetzes-zur-beschleunigung-der-vergabe-oeffentlicher-auftraege-zweiter-anlauf-fuer-neuerungen-im-vergaberecht-oberhalb-der-eu-schwellenwerte\/","og_site_name":"okl &amp; partner Rechtsanw\u00e4lte PartG mbB","article_published_time":"2025-08-04T12:58:05+00:00","article_modified_time":"2025-08-04T12:59:53+00:00","author":"navigator2022","twitter_card":"summary_large_image","twitter_misc":{"Written by":"navigator2022","Est. reading time":"9 minutes"},"schema":{"@context":"https:\/\/schema.org","@graph":[{"@type":"Article","@id":"https:\/\/oklp.de\/2025\/08\/entwurf-eines-gesetzes-zur-beschleunigung-der-vergabe-oeffentlicher-auftraege-zweiter-anlauf-fuer-neuerungen-im-vergaberecht-oberhalb-der-eu-schwellenwerte\/#article","isPartOf":{"@id":"https:\/\/oklp.de\/2025\/08\/entwurf-eines-gesetzes-zur-beschleunigung-der-vergabe-oeffentlicher-auftraege-zweiter-anlauf-fuer-neuerungen-im-vergaberecht-oberhalb-der-eu-schwellenwerte\/"},"author":{"name":"navigator2022","@id":"https:\/\/oklp.de\/#\/schema\/person\/d5d0f95ca69ada807fd3ae7fdcfe8e0c"},"headline":"Entwurf eines Gesetzes zur Beschleunigung der Vergabe \u00f6ffentlicher Auftr\u00e4ge \u2013 Zweiter Anlauf f\u00fcr Neuerungen im Vergaberecht oberhalb der EU-Schwellenwerte","datePublished":"2025-08-04T12:58:05+00:00","dateModified":"2025-08-04T12:59:53+00:00","mainEntityOfPage":{"@id":"https:\/\/oklp.de\/2025\/08\/entwurf-eines-gesetzes-zur-beschleunigung-der-vergabe-oeffentlicher-auftraege-zweiter-anlauf-fuer-neuerungen-im-vergaberecht-oberhalb-der-eu-schwellenwerte\/"},"wordCount":3654,"publisher":{"@id":"https:\/\/oklp.de\/#organization"},"articleSection":["VERGABE"],"inLanguage":"en-US"},{"@type":"WebPage","@id":"https:\/\/oklp.de\/2025\/08\/entwurf-eines-gesetzes-zur-beschleunigung-der-vergabe-oeffentlicher-auftraege-zweiter-anlauf-fuer-neuerungen-im-vergaberecht-oberhalb-der-eu-schwellenwerte\/","url":"https:\/\/oklp.de\/2025\/08\/entwurf-eines-gesetzes-zur-beschleunigung-der-vergabe-oeffentlicher-auftraege-zweiter-anlauf-fuer-neuerungen-im-vergaberecht-oberhalb-der-eu-schwellenwerte\/","name":"Ent\u00adwurf eines Geset\u00adzes zur Beschleu\u00adni\u00adgung der Ver\u00adga\u00adbe \u00f6ffent\u00adli\u00adcher Auf\u00adtr\u00e4\u00adge \u2013 Zwei\u00adter Anlauf f\u00fcr Neue\u00adrun\u00adgen im Ver\u00adga\u00adbe\u00adrecht ober\u00adhalb der EU-Schwel\u00adlen\u00adwer\u00adte \u2013 okl &amp;&nbsp;part\u00adner Rechts\u00adan\u00adw\u00e4l\u00adte PartG&nbsp;mbB","isPartOf":{"@id":"https:\/\/oklp.de\/#website"},"datePublished":"2025-08-04T12:58:05+00:00","dateModified":"2025-08-04T12:59:53+00:00","description":"Das Bun\u00addes\u00admi\u00adnis\u00adte\u00adri\u00adum f\u00fcr Wirt\u00adschaft und Ener\u00adgie (BMWE) hat die fina\u00adle Fas\u00adsung des Ent\u00adwurfs eines Geset\u00adzes zur Beschleu\u00adni\u00adgung der Ver\u00adga\u00adbe \u00f6ffent\u00adli\u00adcher Auf\u00adtr\u00e4\u00adge (sog. Ver\u00adga\u00adbe\u00adbe\u00adschleu\u00adni\u00adgungs\u00adge\u00adsetz) vor\u00adge\u00adlegt und die ein\u00adschl\u00e4\u00adgi\u00adgen Ver\u00adb\u00e4n\u00adde um Stel\u00adlung\u00adnah\u00adme ersucht. Der Refe\u00adren\u00adten\u00adent\u00adwurf basiert auf sol\u00adchen Ma\u00df\u00adnah\u00admen des ange\u00adsto\u00ad\u00dfe\u00adnen, aber nicht ver\u00adab\u00adschie\u00adde\u00adten Gesetz\u00adent\u00adwurfs zur Ver\u00adga\u00adbe\u00adrechts\u00adre\u00adform aus der letz\u00adten Legis\u00adla\u00adtur\u00adpe\u00adri\u00adode, die mit der Ziel\u00adset\u00adzung des jet\u00adzi\u00adgen Koali\u00adti\u00adons\u00adver\u00adtrags ver\u00adein\u00adbar&nbsp;sind.","breadcrumb":{"@id":"https:\/\/oklp.de\/2025\/08\/entwurf-eines-gesetzes-zur-beschleunigung-der-vergabe-oeffentlicher-auftraege-zweiter-anlauf-fuer-neuerungen-im-vergaberecht-oberhalb-der-eu-schwellenwerte\/#breadcrumb"},"inLanguage":"en-US","potentialAction":[{"@type":"ReadAction","target":["https:\/\/oklp.de\/2025\/08\/entwurf-eines-gesetzes-zur-beschleunigung-der-vergabe-oeffentlicher-auftraege-zweiter-anlauf-fuer-neuerungen-im-vergaberecht-oberhalb-der-eu-schwellenwerte\/"]}]},{"@type":"BreadcrumbList","@id":"https:\/\/oklp.de\/2025\/08\/entwurf-eines-gesetzes-zur-beschleunigung-der-vergabe-oeffentlicher-auftraege-zweiter-anlauf-fuer-neuerungen-im-vergaberecht-oberhalb-der-eu-schwellenwerte\/#breadcrumb","itemListElement":[{"@type":"ListItem","position":1,"name":"Home","item":"https:\/\/oklp.de\/"},{"@type":"ListItem","position":2,"name":"Entwurf eines Gesetzes zur Beschleunigung der Vergabe \u00f6ffentlicher Auftr\u00e4ge \u2013 Zweiter Anlauf f\u00fcr Neuerungen im Vergaberecht oberhalb der EU-Schwellenwerte"}]},{"@type":"WebSite","@id":"https:\/\/oklp.de\/#website","url":"https:\/\/oklp.de\/","name":"okl &amp;&nbsp;part\u00adner Rechts\u00adan\u00adw\u00e4l\u00adte PartG&nbsp;mbB","description":"","publisher":{"@id":"https:\/\/oklp.de\/#organization"},"potentialAction":[{"@type":"SearchAction","target":{"@type":"EntryPoint","urlTemplate":"https:\/\/oklp.de\/?s={search_term_string}"},"query-input":{"@type":"PropertyValueSpecification","valueRequired":true,"valueName":"search_term_string"}}],"inLanguage":"en-US"},{"@type":"Organization","@id":"https:\/\/oklp.de\/#organization","name":"okl &amp;&nbsp;part\u00adner Rechts\u00adan\u00adw\u00e4l\u00adte PartG&nbsp;mbB","url":"https:\/\/oklp.de\/","logo":{"@type":"ImageObject","inLanguage":"en-US","@id":"https:\/\/oklp.de\/#\/schema\/logo\/image\/","url":"https:\/\/oklp.de\/wp-content\/uploads\/2021\/12\/Prima\u0308r_OKLP_Logo_CMYK-1.png","contentUrl":"https:\/\/oklp.de\/wp-content\/uploads\/2021\/12\/Prima\u0308r_OKLP_Logo_CMYK-1.png","width":904,"height":286,"caption":"okl & partner Rechtsanw\u00e4lte PartG mbB"},"image":{"@id":"https:\/\/oklp.de\/#\/schema\/logo\/image\/"}},{"@type":"Person","@id":"https:\/\/oklp.de\/#\/schema\/person\/d5d0f95ca69ada807fd3ae7fdcfe8e0c","name":"navigator2022","sameAs":["https:\/\/oklp.de"],"url":"https:\/\/oklp.de\/en\/author\/navigator2022\/"}]}},"_links":{"self":[{"href":"https:\/\/oklp.de\/en\/wp-json\/wp\/v2\/posts\/2485","targetHints":{"allow":["GET"]}}],"collection":[{"href":"https:\/\/oklp.de\/en\/wp-json\/wp\/v2\/posts"}],"about":[{"href":"https:\/\/oklp.de\/en\/wp-json\/wp\/v2\/types\/post"}],"author":[{"embeddable":true,"href":"https:\/\/oklp.de\/en\/wp-json\/wp\/v2\/users\/1"}],"replies":[{"embeddable":true,"href":"https:\/\/oklp.de\/en\/wp-json\/wp\/v2\/comments?post=2485"}],"version-history":[{"count":3,"href":"https:\/\/oklp.de\/en\/wp-json\/wp\/v2\/posts\/2485\/revisions"}],"predecessor-version":[{"id":2489,"href":"https:\/\/oklp.de\/en\/wp-json\/wp\/v2\/posts\/2485\/revisions\/2489"}],"wp:attachment":[{"href":"https:\/\/oklp.de\/en\/wp-json\/wp\/v2\/media?parent=2485"}],"wp:term":[{"taxonomy":"category","embeddable":true,"href":"https:\/\/oklp.de\/en\/wp-json\/wp\/v2\/categories?post=2485"},{"taxonomy":"post_tag","embeddable":true,"href":"https:\/\/oklp.de\/en\/wp-json\/wp\/v2\/tags?post=2485"}],"curies":[{"name":"wp","href":"https:\/\/api.w.org\/{rel}","templated":true}]}}