{"id":2522,"date":"2025-09-03T07:06:16","date_gmt":"2025-09-03T07:06:16","guid":{"rendered":"https:\/\/oklp.de\/?p=2522"},"modified":"2025-09-03T07:06:16","modified_gmt":"2025-09-03T07:06:16","slug":"okl-partner-gewinnt-neuen-partner-fuer-die-umwelt-und-planungsrechtspraxis-2","status":"publish","type":"post","link":"https:\/\/oklp.de\/en\/2025\/09\/okl-partner-gewinnt-neuen-partner-fuer-die-umwelt-und-planungsrechtspraxis-2\/","title":{"rendered":"okl &amp;&nbsp;part\u00adner gewinnt neu\u00aden Part\u00adner f\u00fcr die Umwelt- und Planungsrechtspraxis"},"content":{"rendered":"<div id=\"fws_69f56636eb11e\" data-column-margin=\"default\" data-midnight=\"dark\" class=\"wpb_row vc_row-fluid vc_row full-width-section\" style=\"padding-top: 0px; padding-bottom: 0px; \"><div class=\"row-bg-wrap\" data-bg-animation=\"none\" data-bg-animation-delay data-bg-overlay=\"false\"><div class=\"inner-wrap row-bg-layer\"><div class=\"row-bg viewport-desktop\" style><\/div><\/div><\/div><div class=\"row_col_wrap_12 col span_12 dark left\">\n\t<div style=\" color: #000000;\" class=\"vc_col-sm-12 wpb_column column_container vc_column_container col no-extra-padding inherit_tablet inherit_phone\" data-cfc=\"true\" data-padding-pos=\"bottom\" data-has-bg-color=\"false\" data-bg-color data-bg-opacity=\"1\" data-animation data-delay=\"0\">\n\t\t<div class=\"vc_column-inner\">\n\t\t\t<div class=\"wpb_wrapper\">\n\t\t\t\t<div id=\"fws_69f56636eb355\" data-midnight data-column-margin=\"default\" class=\"wpb_row vc_row-fluid vc_row inner_row\" style><div class=\"row-bg-wrap\"> <div class=\"row-bg\"><\/div> <\/div><div class=\"row_col_wrap_12_inner col span_12  left\">\n\t<div class=\"vc_col-sm-12 wpb_column column_container vc_column_container col child_column no-extra-padding inherit_tablet inherit_phone\" data-padding-pos=\"all\" data-has-bg-color=\"false\" data-bg-color data-bg-opacity=\"1\" data-animation data-delay=\"0\">\n\t\t<div class=\"vc_column-inner\">\n\t\t<div class=\"wpb_wrapper\">\n\t\t\t<h1 style=\"font-size: 54px;color: #ff0072;text-align: left\" class=\"vc_custom_heading vc_do_custom_heading\">Pres\u00adse\u00admit\u00adtei\u00adlung<\/h1>\n\t\t<\/div> \n\t<\/div>\n\t<\/div> \n<\/div><\/div>\n\t\t\t<\/div> \n\t\t<\/div>\n\t<\/div> \n<\/div><\/div>\n\t\t<div id=\"fws_69f56636eb625\" data-column-margin=\"default\" data-midnight=\"dark\" class=\"wpb_row vc_row-fluid vc_row full-width-section\" style=\"padding-top: 0px; padding-bottom: 0px; \"><div class=\"row-bg-wrap\" data-bg-animation=\"none\" data-bg-animation-delay data-bg-overlay=\"false\"><div class=\"inner-wrap row-bg-layer\"><div class=\"row-bg viewport-desktop\" style><\/div><\/div><\/div><div class=\"row_col_wrap_12 col span_12 dark left\">\n\t<div style=\" color: #000000;\" class=\"vc_col-sm-12 wpb_column column_container vc_column_container col no-extra-padding inherit_tablet inherit_phone\" data-cfc=\"true\" data-padding-pos=\"bottom\" data-has-bg-color=\"false\" data-bg-color data-bg-opacity=\"1\" data-animation data-delay=\"0\">\n\t\t<div class=\"vc_column-inner\">\n\t\t\t<div class=\"wpb_wrapper\">\n\t\t\t\t<div id=\"fws_69f56636eb726\" data-midnight data-column-margin=\"default\" class=\"wpb_row vc_row-fluid vc_row inner_row\" style=\"padding-top: 20px; padding-bottom: 20px; \"><div class=\"row-bg-wrap\"> <div class=\"row-bg\"><\/div> <\/div><div class=\"row_col_wrap_12_inner col span_12  left\">\n\t<div class=\"vc_col-sm-12 wpb_column column_container vc_column_container col child_column no-extra-padding inherit_tablet inherit_phone\" data-padding-pos=\"all\" data-has-bg-color=\"false\" data-bg-color data-bg-opacity=\"1\" data-animation data-delay=\"0\">\n\t\t<div class=\"vc_column-inner\">\n\t\t<div class=\"wpb_wrapper\">\n\t\t\t\n\t\t<\/div> \n\t<\/div>\n\t<\/div> \n<\/div><\/div>\n\t\t\t<\/div> \n\t\t<\/div>\n\t<\/div> \n<\/div><\/div>\n\t\t<div id=\"fws_69f56636eb821\" data-column-margin=\"default\" data-midnight=\"dark\" class=\"wpb_row vc_row-fluid vc_row full-width-section\" style=\"padding-top: 0px; padding-bottom: 0px; \"><div class=\"row-bg-wrap\" data-bg-animation=\"none\" data-bg-animation-delay data-bg-overlay=\"false\"><div class=\"inner-wrap row-bg-layer\"><div class=\"row-bg viewport-desktop\" style><\/div><\/div><\/div><div class=\"row_col_wrap_12 col span_12 dark left\">\n\t<div style=\" color: #000000;\" class=\"vc_col-sm-12 wpb_column column_container vc_column_container col no-extra-padding inherit_tablet inherit_phone\" data-cfc=\"true\" data-padding-pos=\"bottom\" data-has-bg-color=\"false\" data-bg-color data-bg-opacity=\"1\" data-animation data-delay=\"0\">\n\t\t<div class=\"vc_column-inner\">\n\t\t\t<div class=\"wpb_wrapper\">\n\t\t\t\t<div id=\"fws_69f56636eb8f4\" data-midnight data-column-margin=\"default\" class=\"wpb_row vc_row-fluid vc_row inner_row\" style=\"padding-top: 5px; padding-bottom: 5px; \"><div class=\"row-bg-wrap\"> <div class=\"row-bg\"><\/div> <\/div><div class=\"row_col_wrap_12_inner col span_12  left\">\n\t<div class=\"vc_col-sm-12 wpb_column column_container vc_column_container col child_column no-extra-padding inherit_tablet inherit_phone\" data-padding-pos=\"all\" data-has-bg-color=\"false\" data-bg-color data-bg-opacity=\"1\" data-animation data-delay=\"0\">\n\t\t<div class=\"vc_column-inner\">\n\t\t<div class=\"wpb_wrapper\">\n\t\t\t\n<div class=\"wpb_text_column wpb_content_element\">\n\t<p style=\"font-weight: 400;\">Seit dem 1. Sep\u00adtem\u00adber 2025 ver\u00adst\u00e4rkt Dr. Ber\u00adnard Alt\u00adpe\u00adter die Umwelt- und Pla\u00adnungs\u00adrechts\u00adpra\u00adxis von okl &amp;&nbsp;part\u00adner als Salary-Partner.<\/p>\n<p style=\"font-weight: 400;\">Dr. Alt\u00adpe\u00adter ver\u00adf\u00fcgt \u00fcber lang\u00adj\u00e4h\u00adri\u00adge Erfah\u00adrung im \u00f6ffent\u00adli\u00adchen Wirt\u00adschafts\u00adrecht. Neben der Bera\u00adtung im Umwelt\u2011, Energie\u2011, Bei\u00adhil\u00adfe- und Pro\u00addukt\u00adrecht deckt er wei\u00adte\u00adre Rechts\u00adge\u00adbie\u00adte wie das Au\u00dfen\u00adwirt\u00adschafts\u00adrecht ab. Herr Alt\u00adpe\u00adter kennt das Regu\u00adlie\u00adrungs\u00adum\u00adfeld f\u00fcr Off\u00adshore-Wind\u00adener\u00adgie, Gas und Was\u00adser\u00adstoff. Er hat Kon\u00adzer\u00adne, mit\u00adtel\u00adst\u00e4n\u00addi\u00adsche Unter\u00adneh\u00admen, Inves\u00adto\u00adren und Start\u00adups in zahl\u00adrei\u00adchen kom\u00adple\u00adxen Pro\u00adjek\u00adten beglei\u00adtet, u.a. zur Frei\u00adga\u00adbe von pres\u00adse\u00adbe\u00adkann\u00adten grenz\u00ad\u00fcber\u00adschrei\u00adten\u00adden Trans\u00adak\u00adtio\u00adnen durch das Bundeswirtschaftsministerium.<\/p>\n<p style=\"font-weight: 400;\">Zuvor war Herr Alt\u00adpe\u00adter bei der \u00f6ffent\u00adlich-recht\u00adli\u00adchen Bou\u00adtique held jagut\u00adtis t\u00e4tig, die aus einem Spin Off der inter\u00adna\u00adtio\u00adna\u00adlen Wirt\u00adschafts\u00adkanz\u00adlei Hen\u00adge\u00adler Muel\u00adler her\u00advor\u00adge\u00adgan\u00adgen&nbsp;ist.<\/p>\n<p style=\"font-weight: 400;\">Sei\u00adne Kern\u00adbe\u00adra\u00adtungs\u00adfel\u00adder wer\u00adden in den stark wach\u00adsen\u00adden Berei\u00adchen Infra\u00adstruk\u00adtur, Pro\u00addukt\u00adre\u00adgu\u00adlie\u00adrung und Cir\u00adcu\u00adlar Eco\u00adno\u00admy lie\u00adgen. Herr Alt\u00adpe\u00adter erg\u00e4nzt die brei\u00adte Bera\u00adtungs\u00adpra\u00adxis von okl &amp;&nbsp;part\u00adner mit sei\u00adnen Spe\u00adzi\u00adal\u00adkennt\u00adnis\u00adsen im Pla\u00adnungs\u00adrecht sowie Che\u00admi\u00adka\u00adli\u00aden\u00adrecht. Das Port\u00adfo\u00adlio der Kanz\u00adlei erwei\u00adtert er mit sei\u00adner Bera\u00adtung zu Inves\u00adti\u00adti\u00adons\u00adkon\u00adtrol\u00adle und IT-Sicherheitsrecht.<\/p>\n<\/div>\n\n\n\n\n\t\t<\/div> \n\t<\/div>\n\t<\/div> \n<\/div><\/div>\n\t\t\t<\/div> \n\t\t<\/div>\n\t<\/div> \n<\/div><\/div>\n\t\t<div id=\"fws_69f56636ebaff\" data-column-margin=\"default\" data-midnight=\"dark\" class=\"wpb_row vc_row-fluid vc_row full-width-section\" style=\"padding-top: 30px; padding-bottom: 0px; \"><div class=\"row-bg-wrap\" data-bg-animation=\"none\" data-bg-animation-delay data-bg-overlay=\"false\"><div class=\"inner-wrap row-bg-layer\"><div class=\"row-bg viewport-desktop\" style><\/div><\/div><\/div><div class=\"row_col_wrap_12 col span_12 dark left\">\n\t<div style=\" color: #000000;\" class=\"vc_col-sm-12 wpb_column column_container vc_column_container col no-extra-padding inherit_tablet inherit_phone\" data-cfc=\"true\" data-padding-pos=\"bottom\" data-has-bg-color=\"false\" data-bg-color data-bg-opacity=\"1\" data-animation data-delay=\"0\">\n\t\t<div class=\"vc_column-inner\">\n\t\t\t<div class=\"wpb_wrapper\">\n\t\t\t\t<div id=\"fws_69f56636ebbf9\" data-midnight data-column-margin=\"default\" class=\"wpb_row vc_row-fluid vc_row inner_row\" style><div class=\"row-bg-wrap\"> <div class=\"row-bg\"><\/div> <\/div><div class=\"row_col_wrap_12_inner col span_12  left\">\n\t<div class=\"vc_col-sm-12 wpb_column column_container vc_column_container col child_column no-extra-padding inherit_tablet inherit_phone\" data-padding-pos=\"all\" data-has-bg-color=\"false\" data-bg-color data-bg-opacity=\"1\" data-animation data-delay=\"0\">\n\t\t<div class=\"vc_column-inner\">\n\t\t<div class=\"wpb_wrapper\">\n\t\t\t\n<div class=\"wpb_text_column wpb_content_element\">\n\t<p><span style=\"color: #000000;\">okl &amp;&nbsp;partner<br>\nRechts\u00adan\u00adw\u00e4l\u00adte PartG&nbsp;mbB<br>\n<\/span><\/p>\n<\/div>\n\n\n\n\n\t\t<\/div> \n\t<\/div>\n\t<\/div> \n<\/div><\/div><div id=\"fws_69f56636ebcfb\" data-midnight data-column-margin=\"default\" class=\"wpb_row vc_row-fluid vc_row inner_row\" style><div class=\"row-bg-wrap\"> <div class=\"row-bg\"><\/div> <\/div><div class=\"row_col_wrap_12_inner col span_12  left\">\n\t<div class=\"vc_col-sm-6 wpb_column column_container vc_column_container col child_column no-extra-padding inherit_tablet inherit_phone\" data-padding-pos=\"all\" data-has-bg-color=\"false\" data-bg-color data-bg-opacity=\"1\" data-animation data-delay=\"0\">\n\t\t<div class=\"vc_column-inner\">\n\t\t<div class=\"wpb_wrapper\">\n\t\t\t\n<div class=\"wpb_text_column wpb_content_element\">\n\t<p><span style=\"color: #000000;\">B\u00fcro K\u00f6ln<br>\nVon-Werth-Stra\u00ad\u00dfe 2 | 50670&nbsp;K\u00f6ln<br>\nT: +49 (0) 221 | 42 07&nbsp;280<br>\nkoeln@oklp.de<br>\n<\/span><\/p>\n<\/div>\n\n\n\n\n\t\t<\/div> \n\t<\/div>\n\t<\/div> \n\n\t<div class=\"vc_col-sm-6 wpb_column column_container vc_column_container col child_column no-extra-padding inherit_tablet inherit_phone\" data-padding-pos=\"all\" data-has-bg-color=\"false\" data-bg-color data-bg-opacity=\"1\" data-animation data-delay=\"0\">\n\t\t<div class=\"vc_column-inner\">\n\t\t<div class=\"wpb_wrapper\">\n\t\t\t\n<div class=\"wpb_text_column wpb_content_element\">\n\t<p><span style=\"color: #000000;\">B\u00fcro Ber\u00adlin<br>\nJ\u00e4ger\u00adstra\u00ad\u00dfe 54\u200a\u2013\u200a55 | 10117 Berlin<br>\nT: +49 (0) 30 | 800 98&nbsp;2553<br>\nberlin@oklp.de<br>\n<\/span><\/p>\n<\/div>\n\n\n\n\n\t\t<\/div> \n\t<\/div>\n\t<\/div> \n<\/div><\/div>\n\t\t\t<\/div> \n\t\t<\/div>\n\t<\/div> \n<\/div><\/div>\n\t\t<div id=\"fws_69f56636ebf4e\" data-column-margin=\"default\" data-midnight=\"dark\" class=\"wpb_row vc_row-fluid vc_row\" style=\"padding-top: 35px; padding-bottom: 10px; \"><div class=\"row-bg-wrap\" data-bg-animation=\"none\" data-bg-animation-delay data-bg-overlay=\"false\"><div class=\"inner-wrap row-bg-layer\"><div class=\"row-bg viewport-desktop\" style><\/div><\/div><\/div><div class=\"row_col_wrap_12 col span_12 dark left\">\n\t<div class=\"vc_col-sm-6 wpb_column column_container vc_column_container col no-extra-padding inherit_tablet inherit_phone\" data-padding-pos=\"all\" data-has-bg-color=\"false\" data-bg-color data-bg-opacity=\"1\" data-animation data-delay=\"0\">\n\t\t<div class=\"vc_column-inner\">\n\t\t\t<div class=\"wpb_wrapper\">\n\t\t\t\t\n\t\t\t<\/div> \n\t\t<\/div>\n\t<\/div> \n\n\t<div class=\"vc_col-sm-6 wpb_column column_container vc_column_container col no-extra-padding inherit_tablet inherit_phone\" data-padding-pos=\"all\" data-has-bg-color=\"false\" data-bg-color data-bg-opacity=\"1\" data-animation data-delay=\"0\">\n\t\t<div class=\"vc_column-inner\">\n\t\t\t<div class=\"wpb_wrapper\">\n\t\t\t\t\n\t\t\t<\/div> \n\t\t<\/div>\n\t<\/div> \n<\/div><\/div>\n\t\t<div id=\"fws_69f56636ec09f\" data-column-margin=\"default\" data-midnight=\"dark\" class=\"wpb_row vc_row-fluid vc_row\" style=\"padding-top: 0px; padding-bottom: 0px; \"><div class=\"row-bg-wrap\" data-bg-animation=\"none\" data-bg-animation-delay data-bg-overlay=\"false\"><div class=\"inner-wrap row-bg-layer\"><div class=\"row-bg viewport-desktop\" style><\/div><\/div><\/div><div class=\"row_col_wrap_12 col span_12 dark left\">\n\t<div class=\"vc_col-sm-12 wpb_column column_container vc_column_container col centered-text no-extra-padding inherit_tablet inherit_phone\" data-padding-pos=\"all\" data-has-bg-color=\"false\" data-bg-color data-bg-opacity=\"1\" data-animation data-delay=\"0\">\n\t\t<div class=\"vc_column-inner\">\n\t\t\t<div class=\"wpb_wrapper\">\n\t\t\t\t<div class=\"nectar-cta  alignment_tablet_default alignment_phone_default display_tablet_inherit display_phone_inherit\" data-color=\"default\" data-using-bg=\"false\" data-style=\"see-through\" data-display=\"block\" data-alignment=\"center\" data-text-color=\"std\" style=\"--nectar-button-color: var(--nectar-default); --nectar-icon-gap: 10px; \"><h6> <span class=\"text\"> <\/span><span class=\"link_wrap\"><a class=\"link_text\" role=\"button\" href=\"\/category\/news\/\"><span class=\"arrow\"><\/span><\/a><\/span><\/h6><\/div>\n\t\t\t<\/div> \n\t\t<\/div>\n\t<\/div> \n<\/div><\/div>","protected":false},"excerpt":{"rendered":"Pres\u00adse\u00admit\u00adtei\u00adlung Seit dem 1. Sep\u00adtem\u00adber 2025 ver\u00adst\u00e4rkt Dr. Ber\u00adnard Alt\u00adpe\u00adter die Umwelt- und Pla\u00adnungs\u00adrechts\u00adpra\u00adxis von okl &amp;&nbsp;part\u00adner als Sala\u00adry-Part\u00adner. Dr. Alt\u00adpe\u00adter ver\u00adf\u00fcgt \u00fcber lang\u00adj\u00e4h\u00adri\u00adge Erfah\u00adrung im \u00f6ffent\u00adli\u00adchen Wirt\u00adschafts\u00adrecht. Neben\u2026","protected":false},"author":1,"featured_media":0,"comment_status":"closed","ping_status":"closed","sticky":false,"template":"","format":"standard","meta":{"wp_typography_post_enhancements_disabled":false,"footnotes":""},"categories":[32],"tags":[],"class_list":{"0":"post-2522","1":"post","2":"type-post","3":"status-publish","4":"format-standard","6":"category-aus-der-kanzlei-news"},"yoast_head":"<!-- This site is optimized with the Yoast SEO plugin v27.5 - https:\/\/yoast.com\/product\/yoast-seo-wordpress\/ -->\n<title>okl &amp; partner gewinnt neuen Partner f\u00fcr die Umwelt- und Planungsrechtspraxis - okl &amp; partner Rechtsanw\u00e4lte PartG mbB<\/title>\n<meta name=\"description\" content=\"Seit dem 1. September 2025 verst\u00e4rkt Dr. Bernard Altpeter die Umwelt- und Planungsrechtspraxis von okl &amp; partner als Salary-Partner.\" \/>\n<meta name=\"robots\" content=\"index, follow, max-snippet:-1, max-image-preview:large, max-video-preview:-1\" \/>\n<link rel=\"canonical\" href=\"https:\/\/oklp.de\/en\/2025\/09\/okl-partner-gewinnt-neuen-partner-fuer-die-umwelt-und-planungsrechtspraxis-2\/\" \/>\n<meta property=\"og:locale\" content=\"en_US\" \/>\n<meta property=\"og:type\" content=\"article\" \/>\n<meta property=\"og:title\" content=\"okl &amp; partner gewinnt neuen Partner f\u00fcr die Umwelt- und Planungsrechtspraxis - okl &amp; partner Rechtsanw\u00e4lte PartG mbB\" \/>\n<meta property=\"og:description\" content=\"Seit dem 1. September 2025 verst\u00e4rkt Dr. Bernard Altpeter die Umwelt- und Planungsrechtspraxis von okl &amp; partner als Salary-Partner.\" \/>\n<meta property=\"og:url\" content=\"https:\/\/oklp.de\/en\/2025\/09\/okl-partner-gewinnt-neuen-partner-fuer-die-umwelt-und-planungsrechtspraxis-2\/\" \/>\n<meta property=\"og:site_name\" content=\"okl &amp; partner Rechtsanw\u00e4lte PartG mbB\" \/>\n<meta property=\"article:published_time\" content=\"2025-09-03T07:06:16+00:00\" \/>\n<meta name=\"author\" content=\"navigator2022\" \/>\n<meta name=\"twitter:card\" content=\"summary_large_image\" \/>\n<meta name=\"twitter:label1\" content=\"Written by\" \/>\n\t<meta name=\"twitter:data1\" content=\"navigator2022\" \/>\n\t<meta name=\"twitter:label2\" content=\"Est. reading time\" \/>\n\t<meta name=\"twitter:data2\" content=\"2 minutes\" \/>\n<script type=\"application\/ld+json\" class=\"yoast-schema-graph\">{\"@context\":\"https:\\\/\\\/schema.org\",\"@graph\":[{\"@type\":\"Article\",\"@id\":\"https:\\\/\\\/oklp.de\\\/2025\\\/09\\\/okl-partner-gewinnt-neuen-partner-fuer-die-umwelt-und-planungsrechtspraxis-2\\\/#article\",\"isPartOf\":{\"@id\":\"https:\\\/\\\/oklp.de\\\/2025\\\/09\\\/okl-partner-gewinnt-neuen-partner-fuer-die-umwelt-und-planungsrechtspraxis-2\\\/\"},\"author\":{\"name\":\"navigator2022\",\"@id\":\"https:\\\/\\\/oklp.de\\\/#\\\/schema\\\/person\\\/d5d0f95ca69ada807fd3ae7fdcfe8e0c\"},\"headline\":\"okl &#038; partner gewinnt neuen Partner f\u00fcr die Umwelt- und Planungsrechtspraxis\",\"datePublished\":\"2025-09-03T07:06:16+00:00\",\"mainEntityOfPage\":{\"@id\":\"https:\\\/\\\/oklp.de\\\/2025\\\/09\\\/okl-partner-gewinnt-neuen-partner-fuer-die-umwelt-und-planungsrechtspraxis-2\\\/\"},\"wordCount\":2233,\"publisher\":{\"@id\":\"https:\\\/\\\/oklp.de\\\/#organization\"},\"articleSection\":[\"AUS DER KANZLEI\"],\"inLanguage\":\"en-US\"},{\"@type\":\"WebPage\",\"@id\":\"https:\\\/\\\/oklp.de\\\/2025\\\/09\\\/okl-partner-gewinnt-neuen-partner-fuer-die-umwelt-und-planungsrechtspraxis-2\\\/\",\"url\":\"https:\\\/\\\/oklp.de\\\/2025\\\/09\\\/okl-partner-gewinnt-neuen-partner-fuer-die-umwelt-und-planungsrechtspraxis-2\\\/\",\"name\":\"okl & partner gewinnt neuen Partner f\u00fcr die Umwelt- und Planungsrechtspraxis - okl &amp; partner Rechtsanw\u00e4lte PartG mbB\",\"isPartOf\":{\"@id\":\"https:\\\/\\\/oklp.de\\\/#website\"},\"datePublished\":\"2025-09-03T07:06:16+00:00\",\"description\":\"Seit dem 1. September 2025 verst\u00e4rkt Dr. Bernard Altpeter die Umwelt- und Planungsrechtspraxis von okl & partner als Salary-Partner.\",\"breadcrumb\":{\"@id\":\"https:\\\/\\\/oklp.de\\\/2025\\\/09\\\/okl-partner-gewinnt-neuen-partner-fuer-die-umwelt-und-planungsrechtspraxis-2\\\/#breadcrumb\"},\"inLanguage\":\"en-US\",\"potentialAction\":[{\"@type\":\"ReadAction\",\"target\":[\"https:\\\/\\\/oklp.de\\\/2025\\\/09\\\/okl-partner-gewinnt-neuen-partner-fuer-die-umwelt-und-planungsrechtspraxis-2\\\/\"]}]},{\"@type\":\"BreadcrumbList\",\"@id\":\"https:\\\/\\\/oklp.de\\\/2025\\\/09\\\/okl-partner-gewinnt-neuen-partner-fuer-die-umwelt-und-planungsrechtspraxis-2\\\/#breadcrumb\",\"itemListElement\":[{\"@type\":\"ListItem\",\"position\":1,\"name\":\"Home\",\"item\":\"https:\\\/\\\/oklp.de\\\/\"},{\"@type\":\"ListItem\",\"position\":2,\"name\":\"okl &#038; partner gewinnt neuen Partner f\u00fcr die Umwelt- und Planungsrechtspraxis\"}]},{\"@type\":\"WebSite\",\"@id\":\"https:\\\/\\\/oklp.de\\\/#website\",\"url\":\"https:\\\/\\\/oklp.de\\\/\",\"name\":\"okl &amp; partner Rechtsanw\u00e4lte PartG mbB\",\"description\":\"\",\"publisher\":{\"@id\":\"https:\\\/\\\/oklp.de\\\/#organization\"},\"potentialAction\":[{\"@type\":\"SearchAction\",\"target\":{\"@type\":\"EntryPoint\",\"urlTemplate\":\"https:\\\/\\\/oklp.de\\\/?s={search_term_string}\"},\"query-input\":{\"@type\":\"PropertyValueSpecification\",\"valueRequired\":true,\"valueName\":\"search_term_string\"}}],\"inLanguage\":\"en-US\"},{\"@type\":\"Organization\",\"@id\":\"https:\\\/\\\/oklp.de\\\/#organization\",\"name\":\"okl & partner Rechtsanw\u00e4lte PartG mbB\",\"url\":\"https:\\\/\\\/oklp.de\\\/\",\"logo\":{\"@type\":\"ImageObject\",\"inLanguage\":\"en-US\",\"@id\":\"https:\\\/\\\/oklp.de\\\/#\\\/schema\\\/logo\\\/image\\\/\",\"url\":\"https:\\\/\\\/oklp.de\\\/wp-content\\\/uploads\\\/2021\\\/12\\\/Prima\u0308r_OKLP_Logo_CMYK-1.png\",\"contentUrl\":\"https:\\\/\\\/oklp.de\\\/wp-content\\\/uploads\\\/2021\\\/12\\\/Prima\u0308r_OKLP_Logo_CMYK-1.png\",\"width\":904,\"height\":286,\"caption\":\"okl & partner Rechtsanw\u00e4lte PartG mbB\"},\"image\":{\"@id\":\"https:\\\/\\\/oklp.de\\\/#\\\/schema\\\/logo\\\/image\\\/\"}},{\"@type\":\"Person\",\"@id\":\"https:\\\/\\\/oklp.de\\\/#\\\/schema\\\/person\\\/d5d0f95ca69ada807fd3ae7fdcfe8e0c\",\"name\":\"navigator2022\",\"sameAs\":[\"https:\\\/\\\/oklp.de\"],\"url\":\"https:\\\/\\\/oklp.de\\\/en\\\/author\\\/navigator2022\\\/\"}]}<\/script>\n<!-- \/ Yoast SEO plugin. -->","yoast_head_json":{"title":"okl &amp;&nbsp;part\u00adner gewinnt neu\u00aden Part\u00adner f\u00fcr die Umwelt- und Pla\u00adnungs\u00adrechts\u00adpra\u00adxis \u2013 okl &amp;&nbsp;part\u00adner Rechts\u00adan\u00adw\u00e4l\u00adte PartG&nbsp;mbB","description":"Seit dem 1. Sep\u00adtem\u00adber 2025 ver\u00adst\u00e4rkt Dr. Ber\u00adnard Alt\u00adpe\u00adter die Umwelt- und Pla\u00adnungs\u00adrechts\u00adpra\u00adxis von okl &amp;&nbsp;part\u00adner als Salary-Partner.","robots":{"index":"index","follow":"follow","max-snippet":"max-snippet:-1","max-image-preview":"max-image-preview:large","max-video-preview":"max-video-preview:-1"},"canonical":"https:\/\/oklp.de\/en\/2025\/09\/okl-partner-gewinnt-neuen-partner-fuer-die-umwelt-und-planungsrechtspraxis-2\/","og_locale":"en_US","og_type":"article","og_title":"okl & partner gewinnt neuen Partner f\u00fcr die Umwelt- und Planungsrechtspraxis - okl &amp; partner Rechtsanw\u00e4lte PartG mbB","og_description":"Seit dem 1. September 2025 verst\u00e4rkt Dr. Bernard Altpeter die Umwelt- und Planungsrechtspraxis von okl & partner als Salary-Partner.","og_url":"https:\/\/oklp.de\/en\/2025\/09\/okl-partner-gewinnt-neuen-partner-fuer-die-umwelt-und-planungsrechtspraxis-2\/","og_site_name":"okl &amp; partner Rechtsanw\u00e4lte PartG mbB","article_published_time":"2025-09-03T07:06:16+00:00","author":"navigator2022","twitter_card":"summary_large_image","twitter_misc":{"Written by":"navigator2022","Est. reading time":"2 minutes"},"schema":{"@context":"https:\/\/schema.org","@graph":[{"@type":"Article","@id":"https:\/\/oklp.de\/2025\/09\/okl-partner-gewinnt-neuen-partner-fuer-die-umwelt-und-planungsrechtspraxis-2\/#article","isPartOf":{"@id":"https:\/\/oklp.de\/2025\/09\/okl-partner-gewinnt-neuen-partner-fuer-die-umwelt-und-planungsrechtspraxis-2\/"},"author":{"name":"navigator2022","@id":"https:\/\/oklp.de\/#\/schema\/person\/d5d0f95ca69ada807fd3ae7fdcfe8e0c"},"headline":"okl &#038; partner gewinnt neuen Partner f\u00fcr die Umwelt- und Planungsrechtspraxis","datePublished":"2025-09-03T07:06:16+00:00","mainEntityOfPage":{"@id":"https:\/\/oklp.de\/2025\/09\/okl-partner-gewinnt-neuen-partner-fuer-die-umwelt-und-planungsrechtspraxis-2\/"},"wordCount":2233,"publisher":{"@id":"https:\/\/oklp.de\/#organization"},"articleSection":["AUS DER KANZLEI"],"inLanguage":"en-US"},{"@type":"WebPage","@id":"https:\/\/oklp.de\/2025\/09\/okl-partner-gewinnt-neuen-partner-fuer-die-umwelt-und-planungsrechtspraxis-2\/","url":"https:\/\/oklp.de\/2025\/09\/okl-partner-gewinnt-neuen-partner-fuer-die-umwelt-und-planungsrechtspraxis-2\/","name":"okl &amp;&nbsp;part\u00adner gewinnt neu\u00aden Part\u00adner f\u00fcr die Umwelt- und Pla\u00adnungs\u00adrechts\u00adpra\u00adxis \u2013 okl &amp;&nbsp;part\u00adner Rechts\u00adan\u00adw\u00e4l\u00adte PartG&nbsp;mbB","isPartOf":{"@id":"https:\/\/oklp.de\/#website"},"datePublished":"2025-09-03T07:06:16+00:00","description":"Seit dem 1. Sep\u00adtem\u00adber 2025 ver\u00adst\u00e4rkt Dr. Ber\u00adnard Alt\u00adpe\u00adter die Umwelt- und Pla\u00adnungs\u00adrechts\u00adpra\u00adxis von okl &amp;&nbsp;part\u00adner als Salary-Partner.","breadcrumb":{"@id":"https:\/\/oklp.de\/2025\/09\/okl-partner-gewinnt-neuen-partner-fuer-die-umwelt-und-planungsrechtspraxis-2\/#breadcrumb"},"inLanguage":"en-US","potentialAction":[{"@type":"ReadAction","target":["https:\/\/oklp.de\/2025\/09\/okl-partner-gewinnt-neuen-partner-fuer-die-umwelt-und-planungsrechtspraxis-2\/"]}]},{"@type":"BreadcrumbList","@id":"https:\/\/oklp.de\/2025\/09\/okl-partner-gewinnt-neuen-partner-fuer-die-umwelt-und-planungsrechtspraxis-2\/#breadcrumb","itemListElement":[{"@type":"ListItem","position":1,"name":"Home","item":"https:\/\/oklp.de\/"},{"@type":"ListItem","position":2,"name":"okl &#038; partner gewinnt neuen Partner f\u00fcr die Umwelt- und Planungsrechtspraxis"}]},{"@type":"WebSite","@id":"https:\/\/oklp.de\/#website","url":"https:\/\/oklp.de\/","name":"okl &amp;&nbsp;part\u00adner Rechts\u00adan\u00adw\u00e4l\u00adte PartG&nbsp;mbB","description":"","publisher":{"@id":"https:\/\/oklp.de\/#organization"},"potentialAction":[{"@type":"SearchAction","target":{"@type":"EntryPoint","urlTemplate":"https:\/\/oklp.de\/?s={search_term_string}"},"query-input":{"@type":"PropertyValueSpecification","valueRequired":true,"valueName":"search_term_string"}}],"inLanguage":"en-US"},{"@type":"Organization","@id":"https:\/\/oklp.de\/#organization","name":"okl &amp;&nbsp;part\u00adner Rechts\u00adan\u00adw\u00e4l\u00adte PartG&nbsp;mbB","url":"https:\/\/oklp.de\/","logo":{"@type":"ImageObject","inLanguage":"en-US","@id":"https:\/\/oklp.de\/#\/schema\/logo\/image\/","url":"https:\/\/oklp.de\/wp-content\/uploads\/2021\/12\/Prima\u0308r_OKLP_Logo_CMYK-1.png","contentUrl":"https:\/\/oklp.de\/wp-content\/uploads\/2021\/12\/Prima\u0308r_OKLP_Logo_CMYK-1.png","width":904,"height":286,"caption":"okl & partner Rechtsanw\u00e4lte PartG mbB"},"image":{"@id":"https:\/\/oklp.de\/#\/schema\/logo\/image\/"}},{"@type":"Person","@id":"https:\/\/oklp.de\/#\/schema\/person\/d5d0f95ca69ada807fd3ae7fdcfe8e0c","name":"navigator2022","sameAs":["https:\/\/oklp.de"],"url":"https:\/\/oklp.de\/en\/author\/navigator2022\/"}]}},"_links":{"self":[{"href":"https:\/\/oklp.de\/en\/wp-json\/wp\/v2\/posts\/2522","targetHints":{"allow":["GET"]}}],"collection":[{"href":"https:\/\/oklp.de\/en\/wp-json\/wp\/v2\/posts"}],"about":[{"href":"https:\/\/oklp.de\/en\/wp-json\/wp\/v2\/types\/post"}],"author":[{"embeddable":true,"href":"https:\/\/oklp.de\/en\/wp-json\/wp\/v2\/users\/1"}],"replies":[{"embeddable":true,"href":"https:\/\/oklp.de\/en\/wp-json\/wp\/v2\/comments?post=2522"}],"version-history":[{"count":1,"href":"https:\/\/oklp.de\/en\/wp-json\/wp\/v2\/posts\/2522\/revisions"}],"predecessor-version":[{"id":2523,"href":"https:\/\/oklp.de\/en\/wp-json\/wp\/v2\/posts\/2522\/revisions\/2523"}],"wp:attachment":[{"href":"https:\/\/oklp.de\/en\/wp-json\/wp\/v2\/media?parent=2522"}],"wp:term":[{"taxonomy":"category","embeddable":true,"href":"https:\/\/oklp.de\/en\/wp-json\/wp\/v2\/categories?post=2522"},{"taxonomy":"post_tag","embeddable":true,"href":"https:\/\/oklp.de\/en\/wp-json\/wp\/v2\/tags?post=2522"}],"curies":[{"name":"wp","href":"https:\/\/api.w.org\/{rel}","templated":true}]}}