{"id":500,"date":"2024-03-01T20:10:21","date_gmt":"2024-03-01T20:10:21","guid":{"rendered":"https:\/\/oklp.de\/?p=500"},"modified":"2025-03-31T19:08:10","modified_gmt":"2025-03-31T19:08:10","slug":"koeln-assistent","status":"publish","type":"post","link":"https:\/\/oklp.de\/en\/2024\/03\/koeln-assistent\/","title":{"rendered":"K\u00f6ln: Assis\u00adtent (m\/w\/d)"},"content":{"rendered":"<div id=\"fws_69ef989d83236\" data-column-margin=\"default\" data-midnight=\"dark\" class=\"wpb_row vc_row-fluid vc_row full-width-section\" style=\"padding-top: 0px; padding-bottom: 0px; \"><div class=\"row-bg-wrap\" data-bg-animation=\"none\" data-bg-animation-delay data-bg-overlay=\"false\"><div class=\"inner-wrap row-bg-layer\"><div class=\"row-bg viewport-desktop\" style><\/div><\/div><\/div><div class=\"row_col_wrap_12 col span_12 dark left\">\n\t<div style=\" color: #000000;\" class=\"vc_col-sm-12 wpb_column column_container vc_column_container col no-extra-padding inherit_tablet inherit_phone\" data-cfc=\"true\" data-padding-pos=\"bottom\" data-has-bg-color=\"false\" data-bg-color data-bg-opacity=\"1\" data-animation data-delay=\"0\">\n\t\t<div class=\"vc_column-inner\">\n\t\t\t<div class=\"wpb_wrapper\">\n\t\t\t\t<div class=\"vc_separator wpb_content_element vc_separator_align_left vc_sep_width_100 vc_sep_pos_align_center wpb_content_element vc_separator-has-text\"><span class=\"vc_sep_holder vc_sep_holder_l\"><span style=\"border-color:#ff0072;\" class=\"vc_sep_line\"><\/span><\/span><h4>Colo\u00adgne<\/h4><span class=\"vc_sep_holder vc_sep_holder_r\"><span style=\"border-color:#ff0072;\" class=\"vc_sep_line\"><\/span><\/span>\n<\/div>\n<div class=\"wpb_text_column wpb_content_element\">\n\t<p>Zur Ver\u00adst\u00e4r\u00adkung unse\u00adres Teams in K\u00f6ln suchen wir in Voll\u00adzeit ab sofort eine\/n Rechtsanwaltsfachangestellte\/n (m\/w\/d)<\/p>\n<\/div>\n\n\n\n<div id=\"fws_69ef989d83769\" data-midnight data-column-margin=\"default\" class=\"wpb_row vc_row-fluid vc_row inner_row\" style=\"padding-top: 5px; padding-bottom: 5px; \"><div class=\"row-bg-wrap\"> <div class=\"row-bg\"><\/div> <\/div><div class=\"row_col_wrap_12_inner col span_12  left\">\n\t<div class=\"vc_col-sm-12 wpb_column column_container vc_column_container col child_column no-extra-padding inherit_tablet inherit_phone\" data-padding-pos=\"all\" data-has-bg-color=\"false\" data-bg-color data-bg-opacity=\"1\" data-animation data-delay=\"0\">\n\t\t<div class=\"vc_column-inner\">\n\t\t<div class=\"wpb_wrapper\">\n\t\t\t<h1 style=\"font-size: 60px;color: #0010ff;text-align: left\" class=\"vc_custom_heading vc_do_custom_heading wpb_animate_when_almost_visible wpb_left-to-right left-to-right\">Rechts\u00adan\u00adwalts\u00adfach\u00adan\u00adge\u00adstell\u00adte (m\/w\/d)<\/h1>\n\t\t<\/div> \n\t<\/div>\n\t<\/div> \n<\/div><\/div><div id=\"fws_69ef989d83b2f\" data-midnight data-column-margin=\"default\" class=\"wpb_row vc_row-fluid vc_row inner_row\" style=\"padding-top: 5px; padding-bottom: 5px; \"><div class=\"row-bg-wrap\"> <div class=\"row-bg\"><\/div> <\/div><div class=\"row_col_wrap_12_inner col span_12  left\">\n\t<div class=\"vc_col-sm-12 wpb_column column_container vc_column_container col child_column no-extra-padding inherit_tablet inherit_phone\" data-padding-pos=\"all\" data-has-bg-color=\"false\" data-bg-color data-bg-opacity=\"1\" data-animation data-delay=\"0\">\n\t\t<div class=\"vc_column-inner\">\n\t\t<div class=\"wpb_wrapper\">\n\t\t\t\n<div class=\"wpb_text_column wpb_content_element\">\n\t<p class=\"p1\">okl &amp;&nbsp;part\u00adner steht f\u00fcr markt\u00adf\u00fch\u00adren\u00adde Bera\u00adtung im Umwelt- und Pla\u00adnungs\u00adrecht mit den jewei\u00adli\u00adgen Bez\u00fc\u00adgen zum Ver\u00adga\u00adbe\u00adrecht, Zivil\u00adrecht und Straf\u00adrecht. Als anwalt\u00adli\u00adcher Navi\u00adga\u00adtor und Pla\u00adnungs\u00adpart\u00adner bera\u00adten wir Indus\u00adtrie, Mit\u00adtel\u00adstand und \u00d6ffent\u00adli\u00adche Hand mit einem Team hoch\u00adspe\u00adzia\u00adli\u00adsier\u00adter, erfah\u00adre\u00adner und exzel\u00adlent ver\u00adnetz\u00adter Anw\u00e4l\u00adtin\u00adnen und Anw\u00e4lte.<\/p>\n<\/div>\n\n\n\n\n\t\t<\/div> \n\t<\/div>\n\t<\/div> \n<\/div><\/div><div id=\"fws_69ef989d83ceb\" data-midnight data-column-margin=\"default\" class=\"wpb_row vc_row-fluid vc_row inner_row\" style=\"padding-top: 5px; padding-bottom: 5px; \"><div class=\"row-bg-wrap\"> <div class=\"row-bg\"><\/div> <\/div><div class=\"row_col_wrap_12_inner col span_12  left\">\n\t<div class=\"vc_col-sm-12 wpb_column column_container vc_column_container col child_column no-extra-padding inherit_tablet inherit_phone\" data-padding-pos=\"all\" data-has-bg-color=\"false\" data-bg-color data-bg-opacity=\"1\" data-animation data-delay=\"0\">\n\t\t<div class=\"vc_column-inner\">\n\t\t<div class=\"wpb_wrapper\">\n\t\t\t<h3 style=\"color: #000000;text-align: left\" class=\"vc_custom_heading vc_do_custom_heading wpb_animate_when_almost_visible wpb_left-to-right left-to-right\">Ihre Auf\u00adga\u00adben<\/h3>\n<div class=\"wpb_text_column wpb_content_element\">\n\t<ul>\n<li>Eigen\u00adver\u00adant\u00adwort\u00adli\u00adche Orga\u00adni\u00adsa\u00adti\u00adon der B\u00fcro\u00adab\u00adl\u00e4u\u00adfe eines Partner-Sekretariats<\/li>\n<li>Pla\u00adnung, Orga\u00adni\u00adsa\u00adti\u00adon Vor- und Nach\u00adbe\u00adrei\u00adtung von Ver\u00adan\u00adstal\u00adtun\u00adgen, Ter\u00admi\u00adnen und Reisen<\/li>\n<li>Erle\u00addi\u00adgung des Schrift\u00adver\u00adkehrs und Vor\u00adbe\u00adrei\u00adtung von Rechnungen<\/li>\n<li>Fris\u00adten\u00ad\u00fcber\u00adwa\u00adchung<\/li>\n<li>Selb\u00adst\u00e4n\u00addi\u00adge Aktenf\u00fchrung<\/li>\n<li>Unter\u00adst\u00fct\u00adzung bei der Erstel\u00adlung von Pr\u00e4\u00adsen\u00adta\u00adtio\u00adnen, Unter\u00adla\u00adgen und Vortr\u00e4gen<\/li>\n<\/ul>\n<\/div>\n\n\n\n\n\t\t<\/div> \n\t<\/div>\n\t<\/div> \n<\/div><\/div><div id=\"fws_69ef989d83f35\" data-midnight data-column-margin=\"default\" class=\"wpb_row vc_row-fluid vc_row inner_row\" style=\"padding-top: 5px; padding-bottom: 5px; \"><div class=\"row-bg-wrap\"> <div class=\"row-bg\"><\/div> <\/div><div class=\"row_col_wrap_12_inner col span_12  left\">\n\t<div class=\"vc_col-sm-12 wpb_column column_container vc_column_container col child_column no-extra-padding inherit_tablet inherit_phone\" data-padding-pos=\"all\" data-has-bg-color=\"false\" data-bg-color data-bg-opacity=\"1\" data-animation data-delay=\"0\">\n\t\t<div class=\"vc_column-inner\">\n\t\t<div class=\"wpb_wrapper\">\n\t\t\t<h3 style=\"color: #000000;text-align: left\" class=\"vc_custom_heading vc_do_custom_heading wpb_animate_when_almost_visible wpb_left-to-right left-to-right\">Unse\u00adre Anforderungen<\/h3>\n<div class=\"wpb_text_column wpb_content_element\">\n\t<ul>\n<li>Erfolg\u00adreich abge\u00adschlos\u00adse\u00adne Berufs\u00adaus\u00adbil\u00addung zur Rechts\u00adan\u00adwalts\u00adfach\u00adan\u00adge\u00adstell\u00adten (m\/w\/d) oder eine ver\u00adgleich\u00adba\u00adre Ausbildung<\/li>\n<li>Idea\u00adler\u00adwei\u00adse Berufserfahrung<\/li>\n<li>Hohes Ma\u00df an Team\u00adf\u00e4\u00adhig\u00adkeit und ein Auge f\u00fcr die Kolleg*innen<\/li>\n<li>Selbst\u00adst\u00e4n\u00addi\u00adger und sou\u00adve\u00adr\u00e4\u00adner Umgang mit den g\u00e4n\u00adgi\u00adgen MS Office Anwendungen<\/li>\n<li>Orga\u00adni\u00adsa\u00adti\u00adons\u00adta\u00adlent<\/li>\n<li>Pro\u00adfes\u00adsio\u00adnel\u00adles Auf\u00adtre\u00adten und gute Umgangsformen<\/li>\n<li>Fle\u00adxi\u00adbi\u00adli\u00adt\u00e4t, Ein\u00adsatz und Eigeninitiative<\/li>\n<\/ul>\n<\/div>\n\n\n\n\n\t\t<\/div> \n\t<\/div>\n\t<\/div> \n<\/div><\/div><div id=\"fws_69ef989d8419c\" data-midnight data-column-margin=\"default\" class=\"wpb_row vc_row-fluid vc_row inner_row\" style=\"padding-top: 5px; padding-bottom: 5px; \"><div class=\"row-bg-wrap\"> <div class=\"row-bg\"><\/div> <\/div><div class=\"row_col_wrap_12_inner col span_12  left\">\n\t<div class=\"vc_col-sm-12 wpb_column column_container vc_column_container col child_column no-extra-padding inherit_tablet inherit_phone\" data-padding-pos=\"all\" data-has-bg-color=\"false\" data-bg-color data-bg-opacity=\"1\" data-animation data-delay=\"0\">\n\t\t<div class=\"vc_column-inner\">\n\t\t<div class=\"wpb_wrapper\">\n\t\t\t<h3 style=\"color: #000000;text-align: left\" class=\"vc_custom_heading vc_do_custom_heading wpb_animate_when_almost_visible wpb_left-to-right left-to-right\">Wir bie\u00adten<\/h3>\n<div class=\"wpb_text_column wpb_content_element\">\n\t<ul>\n<li>Eine span\u00adnen\u00adde T\u00e4tig\u00adkeit in einem ange\u00adneh\u00admen und pro\u00adfes\u00adsio\u00adnel\u00adlen Arbeitsumfeld<\/li>\n<li>Ein sehr kol\u00adle\u00adgia\u00adles und pro\u00adfes\u00adsio\u00adnel\u00adles Team mit moder\u00adnen Arbeitspl\u00e4tzen<\/li>\n<li>Gleit\u00adzeit<\/li>\n<li>B\u00fcro in attrak\u00adti\u00adver Lage mit sehr guter Verkehrsanbindung<\/li>\n<li>Attrak\u00adti\u00adve, \u00fcber\u00addurch\u00adschnitt\u00adli\u00adche Verg\u00fctung<\/li>\n<li>Kos\u00adten\u00adlo\u00adses Deutschlandticket\/Jobticket<\/li>\n<li>Auf jeder Eta\u00adge ste\u00adhen Kaf\u00adfee\u00advoll\u00adau\u00adto\u00adma\u00adten, Mine\u00adral\u00adwas\u00adser, Snacks und Obst bereit<\/li>\n<\/ul>\n<\/div>\n\n\n\n\n\t\t<\/div> \n\t<\/div>\n\t<\/div> \n<\/div><\/div><div id=\"fws_69ef989d84398\" data-midnight data-column-margin=\"default\" class=\"wpb_row vc_row-fluid vc_row inner_row\" style=\"padding-top: 5px; padding-bottom: 20px; \"><div class=\"row-bg-wrap\"> <div class=\"row-bg\"><\/div> <\/div><div class=\"row_col_wrap_12_inner col span_12  left\">\n\t<div class=\"vc_col-sm-12 wpb_column column_container vc_column_container col child_column no-extra-padding inherit_tablet inherit_phone\" data-padding-pos=\"all\" data-has-bg-color=\"false\" data-bg-color data-bg-opacity=\"1\" data-animation data-delay=\"0\">\n\t\t<div class=\"vc_column-inner\">\n\t\t<div class=\"wpb_wrapper\">\n\t\t\t\n<div class=\"wpb_text_column wpb_content_element\">\n\t<p>Wir freu\u00aden uns u\u0308ber Ihre aus\u00adsa\u00adge\u00adkr\u00e4f\u00adti\u00adge Bewer\u00adbung, ger\u00adne auch per E\u200a\u2013\u200aMail&nbsp;an:<\/p>\n<\/div>\n\n\n\n\n\t\t<\/div> \n\t<\/div>\n\t<\/div> \n<\/div><\/div>\n\t\t\t<\/div> \n\t\t<\/div>\n\t<\/div> \n<\/div><\/div>\n\t\t<div id=\"fws_69ef989d845cb\" data-column-margin=\"default\" data-midnight=\"dark\" class=\"wpb_row vc_row-fluid vc_row vc_row-o-equal-height vc_row-flex\" style=\"padding-top: 20px; padding-bottom: 10px; \"><div class=\"row-bg-wrap\" data-bg-animation=\"none\" data-bg-animation-delay data-bg-overlay=\"false\"><div class=\"inner-wrap row-bg-layer\"><div class=\"row-bg viewport-desktop\" style><\/div><\/div><\/div><div class=\"row_col_wrap_12 col span_12 dark left\">\n\t<div class=\"vc_col-sm-12 wpb_column column_container vc_column_container col no-extra-padding inherit_tablet inherit_phone\" data-padding-pos=\"all\" data-has-bg-color=\"false\" data-bg-color data-bg-opacity=\"1\" data-animation data-delay=\"0\">\n\t\t<div class=\"vc_column-inner\">\n\t\t\t<div class=\"wpb_wrapper\">\n\t\t\t\t<h3 style=\"color: #000000;text-align: left\" class=\"vc_custom_heading vc_do_custom_heading wpb_animate_when_almost_visible wpb_left-to-right left-to-right\">okl &amp;&nbsp;part\u00adner Rechts\u00adan\u00adw\u00e4l\u00adte PartG&nbsp;mbB<\/h3>\n<div class=\"wpb_text_column wpb_content_element\">\n\t<p>Andrea Gro\u00adbol\u00adschek<br>\nB\u00fcromanagerin<\/p>\n<p>Von-Werth-Stra\u00ad\u00dfe 2 | 50670&nbsp;K\u00f6ln<br>\nT: +49 221 4207 \u2013&nbsp;295<br>\nF: +49 221 4207 \u2013&nbsp;255<br>\nbewerbung@oklp.de<br>\nwww.oklp.de<\/p>\n<\/div>\n\n\n\n\n\t\t\t<\/div> \n\t\t<\/div>\n\t<\/div> \n<\/div><\/div>\n\t\t<div id=\"fws_69ef989d8480e\" data-column-margin=\"default\" data-midnight=\"dark\" class=\"wpb_row vc_row-fluid vc_row\" style=\"padding-top: 0px; padding-bottom: 0px; \"><div class=\"row-bg-wrap\" data-bg-animation=\"none\" data-bg-animation-delay data-bg-overlay=\"false\"><div class=\"inner-wrap row-bg-layer\"><div class=\"row-bg viewport-desktop\" style><\/div><\/div><\/div><div class=\"row_col_wrap_12 col span_12 dark left\">\n\t<div class=\"vc_col-sm-12 wpb_column column_container vc_column_container col centered-text no-extra-padding inherit_tablet inherit_phone\" data-padding-pos=\"all\" data-has-bg-color=\"false\" data-bg-color data-bg-opacity=\"1\" data-animation data-delay=\"0\">\n\t\t<div class=\"vc_column-inner\">\n\t\t\t<div class=\"wpb_wrapper\">\n\t\t\t\t\n\t\t\t<\/div> \n\t\t<\/div>\n\t<\/div> \n<\/div><\/div>\n\t\t<div id=\"fws_69ef989d84969\" data-column-margin=\"default\" data-midnight=\"dark\" class=\"wpb_row vc_row-fluid vc_row\" style=\"padding-top: 0px; padding-bottom: 0px; \"><div class=\"row-bg-wrap\" data-bg-animation=\"none\" data-bg-animation-delay data-bg-overlay=\"false\"><div class=\"inner-wrap row-bg-layer\"><div class=\"row-bg viewport-desktop\" style><\/div><\/div><\/div><div class=\"row_col_wrap_12 col span_12 dark left\">\n\t<div class=\"vc_col-sm-12 wpb_column column_container vc_column_container col centered-text no-extra-padding inherit_tablet inherit_phone\" data-padding-pos=\"all\" data-has-bg-color=\"false\" data-bg-color data-bg-opacity=\"1\" data-animation data-delay=\"0\">\n\t\t<div class=\"vc_column-inner\">\n\t\t\t<div class=\"wpb_wrapper\">\n\t\t\t\t<div class=\"nectar-cta  alignment_tablet_default alignment_phone_default display_tablet_inherit display_phone_inherit\" data-color=\"default\" data-using-bg=\"false\" data-style=\"see-through\" data-display=\"block\" data-alignment=\"center\" data-text-color=\"std\" style=\"--nectar-button-color: var(--nectar-default); --nectar-icon-gap: 10px; \"><h6> <span class=\"text\"> <\/span><span class=\"link_wrap\"><a class=\"link_text\" role=\"button\" href=\"\/category\/karriere-bei-oklp-oexle-kopp-assenmacher-lueck\/\"><span class=\"arrow\"><\/span><\/a><\/span><\/h6><\/div>\n\t\t\t<\/div> \n\t\t<\/div>\n\t<\/div> \n<\/div><\/div>","protected":false},"excerpt":{"rendered":"K\u00f6ln Zur Ver\u00adst\u00e4r\u00adkung unse\u00adres Teams in K\u00f6ln suchen wir in Voll\u00adzeit ab sofort eine\/n Rechtsanwaltsfachangestellte\/n (m\/w\/d) Rechts\u00adan\u00adwalts\u00adfach\u00adan\u00adge\u00adstell\u00adte (m\/w\/d) okl &amp;&nbsp;part\u00adner steht f\u00fcr markt\u00adf\u00fch\u00adren\u00adde Bera\u00adtung im Umwelt- und Pla\u00adnungs\u00adrecht&nbsp;mit\u2026","protected":false},"author":1,"featured_media":0,"comment_status":"closed","ping_status":"closed","sticky":false,"template":"","format":"standard","meta":{"wp_typography_post_enhancements_disabled":false,"footnotes":""},"categories":[7],"tags":[],"class_list":{"0":"post-500","1":"post","2":"type-post","3":"status-publish","4":"format-standard","6":"category-karriere-oklp"},"yoast_head":"<!-- This site is optimized with the Yoast SEO plugin v27.4 - https:\/\/yoast.com\/product\/yoast-seo-wordpress\/ -->\n<title>K\u00f6ln: Assistent (m\/w\/d) - okl &amp; partner Rechtsanw\u00e4lte PartG mbB<\/title>\n<meta name=\"description\" content=\"Oexle Kopp-Assenmacher L\u00fcck steht f\u00fcr marktf\u00fchrende Beratung im Umwelt- und Planungsrecht mit den jeweiligen Bez\u00fcgen zum Vergaberecht, Zivilrecht und Strafrecht. Als anwaltlicher Navigator und Planungspartner beraten wir Industrie, Mittelstand und \u00f6ffentliche Hand mit einem Team hochspezialisierter, erfahrener und exzellent vernetzter Anw\u00e4ltinnen und Anw\u00e4lte.\" \/>\n<meta name=\"robots\" content=\"index, follow, max-snippet:-1, max-image-preview:large, max-video-preview:-1\" \/>\n<link rel=\"canonical\" href=\"https:\/\/oklp.de\/en\/2024\/03\/koeln-assistent\/\" \/>\n<meta property=\"og:locale\" content=\"en_US\" \/>\n<meta property=\"og:type\" content=\"article\" \/>\n<meta property=\"og:title\" content=\"K\u00f6ln: Assistent (m\/w\/d) - okl &amp; partner Rechtsanw\u00e4lte PartG mbB\" \/>\n<meta property=\"og:description\" content=\"Oexle Kopp-Assenmacher L\u00fcck steht f\u00fcr marktf\u00fchrende Beratung im Umwelt- und Planungsrecht mit den jeweiligen Bez\u00fcgen zum Vergaberecht, Zivilrecht und Strafrecht. Als anwaltlicher Navigator und Planungspartner beraten wir Industrie, Mittelstand und \u00f6ffentliche Hand mit einem Team hochspezialisierter, erfahrener und exzellent vernetzter Anw\u00e4ltinnen und Anw\u00e4lte.\" \/>\n<meta property=\"og:url\" content=\"https:\/\/oklp.de\/en\/2024\/03\/koeln-assistent\/\" \/>\n<meta property=\"og:site_name\" content=\"okl &amp; partner Rechtsanw\u00e4lte PartG mbB\" \/>\n<meta property=\"article:published_time\" content=\"2024-03-01T20:10:21+00:00\" \/>\n<meta property=\"article:modified_time\" content=\"2025-03-31T19:08:10+00:00\" \/>\n<meta name=\"author\" content=\"navigator2022\" \/>\n<meta name=\"twitter:card\" content=\"summary_large_image\" \/>\n<meta name=\"twitter:label1\" content=\"Written by\" \/>\n\t<meta name=\"twitter:data1\" content=\"navigator2022\" \/>\n\t<meta name=\"twitter:label2\" content=\"Est. reading time\" \/>\n\t<meta name=\"twitter:data2\" content=\"2 minutes\" \/>\n<script type=\"application\/ld+json\" class=\"yoast-schema-graph\">{\"@context\":\"https:\\\/\\\/schema.org\",\"@graph\":[{\"@type\":\"Article\",\"@id\":\"https:\\\/\\\/oklp.de\\\/2024\\\/03\\\/koeln-assistent\\\/#article\",\"isPartOf\":{\"@id\":\"https:\\\/\\\/oklp.de\\\/2024\\\/03\\\/koeln-assistent\\\/\"},\"author\":{\"name\":\"navigator2022\",\"@id\":\"https:\\\/\\\/oklp.de\\\/#\\\/schema\\\/person\\\/d5d0f95ca69ada807fd3ae7fdcfe8e0c\"},\"headline\":\"K\u00f6ln: Assistent (m\\\/w\\\/d)\",\"datePublished\":\"2024-03-01T20:10:21+00:00\",\"dateModified\":\"2025-03-31T19:08:10+00:00\",\"mainEntityOfPage\":{\"@id\":\"https:\\\/\\\/oklp.de\\\/2024\\\/03\\\/koeln-assistent\\\/\"},\"wordCount\":1991,\"publisher\":{\"@id\":\"https:\\\/\\\/oklp.de\\\/#organization\"},\"articleSection\":[\"KARRIERE\"],\"inLanguage\":\"en-US\"},{\"@type\":\"WebPage\",\"@id\":\"https:\\\/\\\/oklp.de\\\/2024\\\/03\\\/koeln-assistent\\\/\",\"url\":\"https:\\\/\\\/oklp.de\\\/2024\\\/03\\\/koeln-assistent\\\/\",\"name\":\"K\u00f6ln: Assistent (m\\\/w\\\/d) - okl &amp; partner Rechtsanw\u00e4lte PartG mbB\",\"isPartOf\":{\"@id\":\"https:\\\/\\\/oklp.de\\\/#website\"},\"datePublished\":\"2024-03-01T20:10:21+00:00\",\"dateModified\":\"2025-03-31T19:08:10+00:00\",\"description\":\"Oexle Kopp-Assenmacher L\u00fcck steht f\u00fcr marktf\u00fchrende Beratung im Umwelt- und Planungsrecht mit den jeweiligen Bez\u00fcgen zum Vergaberecht, Zivilrecht und Strafrecht. Als anwaltlicher Navigator und Planungspartner beraten wir Industrie, Mittelstand und \u00f6ffentliche Hand mit einem Team hochspezialisierter, erfahrener und exzellent vernetzter Anw\u00e4ltinnen und Anw\u00e4lte.\",\"breadcrumb\":{\"@id\":\"https:\\\/\\\/oklp.de\\\/2024\\\/03\\\/koeln-assistent\\\/#breadcrumb\"},\"inLanguage\":\"en-US\",\"potentialAction\":[{\"@type\":\"ReadAction\",\"target\":[\"https:\\\/\\\/oklp.de\\\/2024\\\/03\\\/koeln-assistent\\\/\"]}]},{\"@type\":\"BreadcrumbList\",\"@id\":\"https:\\\/\\\/oklp.de\\\/2024\\\/03\\\/koeln-assistent\\\/#breadcrumb\",\"itemListElement\":[{\"@type\":\"ListItem\",\"position\":1,\"name\":\"Home\",\"item\":\"https:\\\/\\\/oklp.de\\\/\"},{\"@type\":\"ListItem\",\"position\":2,\"name\":\"K\u00f6ln: Assistent (m\\\/w\\\/d)\"}]},{\"@type\":\"WebSite\",\"@id\":\"https:\\\/\\\/oklp.de\\\/#website\",\"url\":\"https:\\\/\\\/oklp.de\\\/\",\"name\":\"okl &amp; partner Rechtsanw\u00e4lte PartG mbB\",\"description\":\"\",\"publisher\":{\"@id\":\"https:\\\/\\\/oklp.de\\\/#organization\"},\"potentialAction\":[{\"@type\":\"SearchAction\",\"target\":{\"@type\":\"EntryPoint\",\"urlTemplate\":\"https:\\\/\\\/oklp.de\\\/?s={search_term_string}\"},\"query-input\":{\"@type\":\"PropertyValueSpecification\",\"valueRequired\":true,\"valueName\":\"search_term_string\"}}],\"inLanguage\":\"en-US\"},{\"@type\":\"Organization\",\"@id\":\"https:\\\/\\\/oklp.de\\\/#organization\",\"name\":\"okl & partner Rechtsanw\u00e4lte PartG mbB\",\"url\":\"https:\\\/\\\/oklp.de\\\/\",\"logo\":{\"@type\":\"ImageObject\",\"inLanguage\":\"en-US\",\"@id\":\"https:\\\/\\\/oklp.de\\\/#\\\/schema\\\/logo\\\/image\\\/\",\"url\":\"https:\\\/\\\/oklp.de\\\/wp-content\\\/uploads\\\/2021\\\/12\\\/Prima\u0308r_OKLP_Logo_CMYK-1.png\",\"contentUrl\":\"https:\\\/\\\/oklp.de\\\/wp-content\\\/uploads\\\/2021\\\/12\\\/Prima\u0308r_OKLP_Logo_CMYK-1.png\",\"width\":904,\"height\":286,\"caption\":\"okl & partner Rechtsanw\u00e4lte PartG mbB\"},\"image\":{\"@id\":\"https:\\\/\\\/oklp.de\\\/#\\\/schema\\\/logo\\\/image\\\/\"}},{\"@type\":\"Person\",\"@id\":\"https:\\\/\\\/oklp.de\\\/#\\\/schema\\\/person\\\/d5d0f95ca69ada807fd3ae7fdcfe8e0c\",\"name\":\"navigator2022\",\"sameAs\":[\"https:\\\/\\\/oklp.de\"],\"url\":\"https:\\\/\\\/oklp.de\\\/en\\\/author\\\/navigator2022\\\/\"}]}<\/script>\n<!-- \/ Yoast SEO plugin. -->","yoast_head_json":{"title":"K\u00f6ln: Assis\u00adtent (m\/w\/d) \u2013 okl &amp;&nbsp;part\u00adner Rechts\u00adan\u00adw\u00e4l\u00adte PartG&nbsp;mbB","description":"Oex\u00adle Kopp-Assen\u00adma\u00adcher L\u00fcck steht f\u00fcr markt\u00adf\u00fch\u00adren\u00adde Bera\u00adtung im Umwelt- und Pla\u00adnungs\u00adrecht mit den jewei\u00adli\u00adgen Bez\u00fc\u00adgen zum Ver\u00adga\u00adbe\u00adrecht, Zivil\u00adrecht und Straf\u00adrecht. Als anwalt\u00adli\u00adcher Navi\u00adga\u00adtor und Pla\u00adnungs\u00adpart\u00adner bera\u00adten wir Indus\u00adtrie, Mit\u00adtel\u00adstand und \u00f6ffent\u00adli\u00adche Hand mit einem Team hoch\u00adspe\u00adzia\u00adli\u00adsier\u00adter, erfah\u00adre\u00adner und exzel\u00adlent ver\u00adnetz\u00adter Anw\u00e4l\u00adtin\u00adnen und Anw\u00e4lte.","robots":{"index":"index","follow":"follow","max-snippet":"max-snippet:-1","max-image-preview":"max-image-preview:large","max-video-preview":"max-video-preview:-1"},"canonical":"https:\/\/oklp.de\/en\/2024\/03\/koeln-assistent\/","og_locale":"en_US","og_type":"article","og_title":"K\u00f6ln: Assistent (m\/w\/d) - okl &amp; partner Rechtsanw\u00e4lte PartG mbB","og_description":"Oexle Kopp-Assenmacher L\u00fcck steht f\u00fcr marktf\u00fchrende Beratung im Umwelt- und Planungsrecht mit den jeweiligen Bez\u00fcgen zum Vergaberecht, Zivilrecht und Strafrecht. Als anwaltlicher Navigator und Planungspartner beraten wir Industrie, Mittelstand und \u00f6ffentliche Hand mit einem Team hochspezialisierter, erfahrener und exzellent vernetzter Anw\u00e4ltinnen und Anw\u00e4lte.","og_url":"https:\/\/oklp.de\/en\/2024\/03\/koeln-assistent\/","og_site_name":"okl &amp; partner Rechtsanw\u00e4lte PartG mbB","article_published_time":"2024-03-01T20:10:21+00:00","article_modified_time":"2025-03-31T19:08:10+00:00","author":"navigator2022","twitter_card":"summary_large_image","twitter_misc":{"Written by":"navigator2022","Est. reading time":"2 minutes"},"schema":{"@context":"https:\/\/schema.org","@graph":[{"@type":"Article","@id":"https:\/\/oklp.de\/2024\/03\/koeln-assistent\/#article","isPartOf":{"@id":"https:\/\/oklp.de\/2024\/03\/koeln-assistent\/"},"author":{"name":"navigator2022","@id":"https:\/\/oklp.de\/#\/schema\/person\/d5d0f95ca69ada807fd3ae7fdcfe8e0c"},"headline":"K\u00f6ln: Assistent (m\/w\/d)","datePublished":"2024-03-01T20:10:21+00:00","dateModified":"2025-03-31T19:08:10+00:00","mainEntityOfPage":{"@id":"https:\/\/oklp.de\/2024\/03\/koeln-assistent\/"},"wordCount":1991,"publisher":{"@id":"https:\/\/oklp.de\/#organization"},"articleSection":["KARRIERE"],"inLanguage":"en-US"},{"@type":"WebPage","@id":"https:\/\/oklp.de\/2024\/03\/koeln-assistent\/","url":"https:\/\/oklp.de\/2024\/03\/koeln-assistent\/","name":"K\u00f6ln: Assis\u00adtent (m\/w\/d) \u2013 okl &amp;&nbsp;part\u00adner Rechts\u00adan\u00adw\u00e4l\u00adte PartG&nbsp;mbB","isPartOf":{"@id":"https:\/\/oklp.de\/#website"},"datePublished":"2024-03-01T20:10:21+00:00","dateModified":"2025-03-31T19:08:10+00:00","description":"Oex\u00adle Kopp-Assen\u00adma\u00adcher L\u00fcck steht f\u00fcr markt\u00adf\u00fch\u00adren\u00adde Bera\u00adtung im Umwelt- und Pla\u00adnungs\u00adrecht mit den jewei\u00adli\u00adgen Bez\u00fc\u00adgen zum Ver\u00adga\u00adbe\u00adrecht, Zivil\u00adrecht und Straf\u00adrecht. Als anwalt\u00adli\u00adcher Navi\u00adga\u00adtor und Pla\u00adnungs\u00adpart\u00adner bera\u00adten wir Indus\u00adtrie, Mit\u00adtel\u00adstand und \u00f6ffent\u00adli\u00adche Hand mit einem Team hoch\u00adspe\u00adzia\u00adli\u00adsier\u00adter, erfah\u00adre\u00adner und exzel\u00adlent ver\u00adnetz\u00adter Anw\u00e4l\u00adtin\u00adnen und Anw\u00e4lte.","breadcrumb":{"@id":"https:\/\/oklp.de\/2024\/03\/koeln-assistent\/#breadcrumb"},"inLanguage":"en-US","potentialAction":[{"@type":"ReadAction","target":["https:\/\/oklp.de\/2024\/03\/koeln-assistent\/"]}]},{"@type":"BreadcrumbList","@id":"https:\/\/oklp.de\/2024\/03\/koeln-assistent\/#breadcrumb","itemListElement":[{"@type":"ListItem","position":1,"name":"Home","item":"https:\/\/oklp.de\/"},{"@type":"ListItem","position":2,"name":"K\u00f6ln: Assistent (m\/w\/d)"}]},{"@type":"WebSite","@id":"https:\/\/oklp.de\/#website","url":"https:\/\/oklp.de\/","name":"okl &amp;&nbsp;part\u00adner Rechts\u00adan\u00adw\u00e4l\u00adte PartG&nbsp;mbB","description":"","publisher":{"@id":"https:\/\/oklp.de\/#organization"},"potentialAction":[{"@type":"SearchAction","target":{"@type":"EntryPoint","urlTemplate":"https:\/\/oklp.de\/?s={search_term_string}"},"query-input":{"@type":"PropertyValueSpecification","valueRequired":true,"valueName":"search_term_string"}}],"inLanguage":"en-US"},{"@type":"Organization","@id":"https:\/\/oklp.de\/#organization","name":"okl &amp;&nbsp;part\u00adner Rechts\u00adan\u00adw\u00e4l\u00adte PartG&nbsp;mbB","url":"https:\/\/oklp.de\/","logo":{"@type":"ImageObject","inLanguage":"en-US","@id":"https:\/\/oklp.de\/#\/schema\/logo\/image\/","url":"https:\/\/oklp.de\/wp-content\/uploads\/2021\/12\/Prima\u0308r_OKLP_Logo_CMYK-1.png","contentUrl":"https:\/\/oklp.de\/wp-content\/uploads\/2021\/12\/Prima\u0308r_OKLP_Logo_CMYK-1.png","width":904,"height":286,"caption":"okl & partner Rechtsanw\u00e4lte PartG mbB"},"image":{"@id":"https:\/\/oklp.de\/#\/schema\/logo\/image\/"}},{"@type":"Person","@id":"https:\/\/oklp.de\/#\/schema\/person\/d5d0f95ca69ada807fd3ae7fdcfe8e0c","name":"navigator2022","sameAs":["https:\/\/oklp.de"],"url":"https:\/\/oklp.de\/en\/author\/navigator2022\/"}]}},"_links":{"self":[{"href":"https:\/\/oklp.de\/en\/wp-json\/wp\/v2\/posts\/500","targetHints":{"allow":["GET"]}}],"collection":[{"href":"https:\/\/oklp.de\/en\/wp-json\/wp\/v2\/posts"}],"about":[{"href":"https:\/\/oklp.de\/en\/wp-json\/wp\/v2\/types\/post"}],"author":[{"embeddable":true,"href":"https:\/\/oklp.de\/en\/wp-json\/wp\/v2\/users\/1"}],"replies":[{"embeddable":true,"href":"https:\/\/oklp.de\/en\/wp-json\/wp\/v2\/comments?post=500"}],"version-history":[{"count":28,"href":"https:\/\/oklp.de\/en\/wp-json\/wp\/v2\/posts\/500\/revisions"}],"predecessor-version":[{"id":2409,"href":"https:\/\/oklp.de\/en\/wp-json\/wp\/v2\/posts\/500\/revisions\/2409"}],"wp:attachment":[{"href":"https:\/\/oklp.de\/en\/wp-json\/wp\/v2\/media?parent=500"}],"wp:term":[{"taxonomy":"category","embeddable":true,"href":"https:\/\/oklp.de\/en\/wp-json\/wp\/v2\/categories?post=500"},{"taxonomy":"post_tag","embeddable":true,"href":"https:\/\/oklp.de\/en\/wp-json\/wp\/v2\/tags?post=500"}],"curies":[{"name":"wp","href":"https:\/\/api.w.org\/{rel}","templated":true}]}}